{"id":25986,"date":"2020-07-28T00:00:00","date_gmt":"2020-07-28T00:00:00","guid":{"rendered":"https:\/\/www.volkswagen.es\/2020\/07\/28\/nuevo-golf-8-r-line-llega-el-acabado-mas-deportivo-de-la-octava-generacion\/"},"modified":"2021-02-18T23:04:02","modified_gmt":"2021-02-18T23:04:02","slug":"nuevo-golf-8-r-line-llega-el-acabado-mas-deportivo-de-la-octava-generacion","status":"publish","type":"post","link":"https:\/\/www.volkswagen.es\/comunicacion\/nuevo-golf-8-r-line-llega-el-acabado-mas-deportivo-de-la-octava-generacion\/","title":{"rendered":"NUEVO GOLF 8 R-LINE: LLEGA EL ACABADO M\u00c1S DEPORTIVO DE LA OCTAVA GENERACI\u00d3N"},"content":{"rendered":"<p ><span>El elemento visual m\u00e1s reconocible e impactante del acabado R-Line es sin duda la renovada parrilla central sobredimensionada, que le otorga al frontal un aspecto distintivo. Incluye adem\u00e1s el Face Light, un exclusiva y delgada tira luminosa de LEDs que recorre el frontal del coche a la altura del logo de Volkswagen, uniendo los dos faros delanteros y actuando como elemento diferenciador.<\/span><\/p>\n<p><span> <\/span><\/p>\n<p ><span>Adem\u00e1s de un dise\u00f1o exterior espec\u00edfico, el R-Line destaca por su oferta de equipamientos que subrayan la deportividad del modelo. Basado en el acabado Style del Golf 8, incluye adem\u00e1s asientos deportivos con apoyacabezas integrados de tipo \u00abBucket\u00bb, un volante deportivo multifunci\u00f3n de cuero con controles t\u00e1ctiles, faros LED Performance con luz de curva y tren de rodaje deportivo, adem\u00e1s de un dise\u00f1o interior con acabado R-Line, pedales de acero inoxidable cepillado e inserciones decorativas en tablero de instrumentos.<\/span><\/p>\n<p><span> <\/span><\/p>\n<p ><span>Opcionalmente, tambi\u00e9n es posible elegir entre dos paquetes de equipamientos de alta gama. El paquete Visi\u00f3n ofrece faros inteligentes LED Matrix IQ.Light con Dynamic Light Assist, mientras que el paquete Confort viene con el avanzado sistema de sonido Harman Kardon de 480 W, con 9 altavoces y subwoofer, adem\u00e1s del sistema de cierre y arranque sin llave Keyless Advanced.<\/span><\/p>\n<p ><span> <\/span><\/p>\n<p >A pesar de sus diferencias, el Golf R-Line conserva todos los elementos caracter\u00edsticos del m\u00e1s puro ADN Golf, y ofrece un interior revolucionario a la altura de la octava generaci\u00f3n. Completamente digitalizado, cuenta con sistemas de \u00faltima generaci\u00f3n, como el Travel Assist o la DSG electr\u00f3nica con tecnolog\u00eda shift-by-wire, y la revolucionaria tecnolog\u00eda Car2X, que permite intercambiar informaci\u00f3n con otros veh\u00edculos e infraestructuras. Todo ello en un modelo propulsado por la gama de motores convencionales m\u00e1s sostenible de la historia de Volkswagen.<\/p>\n","protected":false},"excerpt":{"rendered":"La renovada parrilla central sobredimensionada y el distintivo Face Light crean un frontal \u00fanico que acent\u00faa el marcado car\u00e1cter deportivo del modeloEl R-Line se basa en el acabado Style y ofrece numerosos equipamientos espec\u00edficos, como","protected":false},"author":1,"featured_media":25988,"comment_status":"open","ping_status":"open","sticky":false,"template":"","format":"standard","meta":{"_acf_changed":false,"ep_exclude_from_search":false,"footnotes":""},"categories":[219],"tags":[],"class_list":["post-25986","post","type-post","status-publish","format-standard","has-post-thumbnail","hentry","category-golf-r"],"acf":[],"_links":{"self":[{"href":"https:\/\/www.volkswagen.es\/comunicacion\/wp-json\/wp\/v2\/posts\/25986","targetHints":{"allow":["GET"]}}],"collection":[{"href":"https:\/\/www.volkswagen.es\/comunicacion\/wp-json\/wp\/v2\/posts"}],"about":[{"href":"https:\/\/www.volkswagen.es\/comunicacion\/wp-json\/wp\/v2\/types\/post"}],"author":[{"embeddable":true,"href":"https:\/\/www.volkswagen.es\/comunicacion\/wp-json\/wp\/v2\/users\/1"}],"replies":[{"embeddable":true,"href":"https:\/\/www.volkswagen.es\/comunicacion\/wp-json\/wp\/v2\/comments?post=25986"}],"version-history":[{"count":1,"href":"https:\/\/www.volkswagen.es\/comunicacion\/wp-json\/wp\/v2\/posts\/25986\/revisions"}],"predecessor-version":[{"id":26140,"href":"https:\/\/www.volkswagen.es\/comunicacion\/wp-json\/wp\/v2\/posts\/25986\/revisions\/26140"}],"wp:featuredmedia":[{"embeddable":true,"href":"https:\/\/www.volkswagen.es\/comunicacion\/wp-json\/wp\/v2\/media\/25988"}],"wp:attachment":[{"href":"https:\/\/www.volkswagen.es\/comunicacion\/wp-json\/wp\/v2\/media?parent=25986"}],"wp:term":[{"taxonomy":"category","embeddable":true,"href":"https:\/\/www.volkswagen.es\/comunicacion\/wp-json\/wp\/v2\/categories?post=25986"},{"taxonomy":"post_tag","embeddable":true,"href":"https:\/\/www.volkswagen.es\/comunicacion\/wp-json\/wp\/v2\/tags?post=25986"}],"curies":[{"name":"wp","href":"https:\/\/api.w.org\/{rel}","templated":true}]}}