{"id":25983,"date":"2020-07-22T00:00:00","date_gmt":"2020-07-22T00:00:00","guid":{"rendered":"https:\/\/www.volkswagen.es\/2020\/07\/22\/la-nueva-era-de-volkswagen-ya-esta-aqui-el-volkswagen-id-3-se-pone-a-la-venta-en-espana\/"},"modified":"2021-11-24T11:53:54","modified_gmt":"2021-11-24T11:53:54","slug":"la-nueva-era-de-volkswagen-ya-esta-aqui-el-volkswagen-id-3-se-pone-a-la-venta-en-espana","status":"publish","type":"post","link":"https:\/\/www.volkswagen.es\/comunicacion\/la-nueva-era-de-volkswagen-ya-esta-aqui-el-volkswagen-id-3-se-pone-a-la-venta-en-espana\/","title":{"rendered":"La nueva era de Volkswagen ya est\u00e1 aqu\u00ed: El Volkswagen ID.3 se pone a la venta en Espa\u00f1a"},"content":{"rendered":"<p >La espera ha terminado. La nueva era de Volkswagen ya est\u00e1 aqu\u00ed con la apertura de los pedidos del ID.3 1st, una edici\u00f3n limitada y exclusiva para todos aquellos clientes que hace meses hicieron su pre-reserva del veh\u00edculo.<\/p>\n<\/p>\n<p >ID.3 1st ventajas cliente<\/p>\n<p >Volkswagen Espa\u00f1a ha querido premiar la fidelidad de estos clientes con una serie de ventajas y ayudas, as\u00ed como con la creaci\u00f3n del Club ID.3 1st Mover Club. Para estos clientes, Volkswagen ha definido una serie de condiciones especiales y atenci\u00f3n personalizada, siempre y cuando el pedido se formalice antes del 15 de agosto y se matricule en 2020.<\/p>\n<\/p>\n<p >En lo que respecta a la financiaci\u00f3n, en caso de realizar la operaci\u00f3n a trav\u00e9s de MyRenting con Volkswagen Financial Services, el cliente obtendr\u00e1 3 cuotas mensuales gratis. Por el contrario, si la operaci\u00f3n se realiza al contado, el cliente optar\u00e1 a una ayuda de 1.000 euros por parte de la marca para la instalaci\u00f3n del cargador, ID. Charger, o la adquisici\u00f3n de otros accesorios.<\/p>\n<\/p>\n<p >Adem\u00e1s, todos los clientes que formalicen la compra de su ID.3 1st, recibir\u00e1n un a\u00f1o de carga gratuita con una capacidad m\u00e1xima de 2.000kWh o 600\u20ac en puntos de carga Ionity, y en todos los puntos de carga conectados al servicio We Charge repartidos por Europa. Actualmente, Volkswagen cuenta en Espa\u00f1a con 500 puntos de carga, pero la previsi\u00f3n es finalizar 2020 con 1.300 puntos adheridos a We Charge.<\/p>\n<\/p>\n<\/p>\n<p >\n<p >ID.3 1st Plus y Max<\/p>\n<p ><span>Las dos versiones de esta edici\u00f3n limitada est\u00e1n basadas en el acabado intermedio Pro Performance, con una autonom\u00eda de hasta 420 kil\u00f3metros y una potencia de 150 kW (204CV).<\/span><\/p>\n<p><span> <\/span><\/p>\n<p ><span>En cuanto al equipamiento destacado, el <b>ID.3 1st Plus<\/b> incluye: llantas de 19\u00bb; faros Matrix IQ. LED; asistente de luz din\u00e1mica; Navegador Discover Pro; Climatronic de dos zonas; c\u00e1mara trasera; Keyless Access; cable de carga modo 3 tipo 2; pilotos traseros LED con intermitentes din\u00e1micos; lunas laterales traseras y trasera oscurecidas; Pre-crash; retrovisores abatibles el\u00e9ctricamente; Park Pilot; ID. Light; tapicer\u00eda Art Velours y tela \u00abFlow\u00bb; Paquete Invierno (asientos calefactables); volante multifunci\u00f3n calefactable; iluminaci\u00f3n ambiental de 30 colores.<\/span><\/p>\n<p><span> <\/span><\/p>\n<p ><span>El <b>ID.3 1st Max<\/b> a\u00f1ade como equipamiento destacado adicional al Plus llantas de 20\u00bb; Head Up Display con realidad aumentada; techo panor\u00e1mico; Side Assist; Travel Assist; carga por inducci\u00f3n de Smartphone; Emergency Assist; y asientos ErgoActive con ajuste el\u00e9ctrico; y sistema de sonido con seis altavoces delante\/ detr\u00e1s y uno central.<\/span><\/p>\n<\/p>\n<p ><span>Seis versiones preconfiguradas:<\/span><\/p>\n<p><span> <\/span><\/p>\n<p ><span>ID.3 Life -Business &#8211; Style &#8211; Max &#8211; Tour<\/span><\/p>\n<p >El resto de clientes tendr\u00e1n que esperar algunas semanas -hasta el 17 de agosto- para la apertura de pedidos. Entonces, podr\u00e1n elegir entre cuatro versiones del ID.3 pre configuradas con distintos equipamientos, basados todos ellos en el acabado intermedio Pro Performance con la potencia de 150 kW (204 CV).<\/p>\n<\/p>\n<p >Cada una de estas versiones incluir\u00e1, de serie, al menos dos de los cinco paquetes de equipamiento disponibles, y los clientes podr\u00e1n elegir el color exterior e interior, los asientos y las llantas, as\u00ed como otras opciones individuales, como la bomba de calor o la preparaci\u00f3n del portabicicletas.<\/p>\n<\/p>\n<p >La versi\u00f3n Tour se basar\u00e1 en el Pro S, con hasta 550 kil\u00f3metros de autonom\u00eda y cuatro plazas<\/p>\n<\/p>\n<p >ID.3 City<\/p>\n<p >M\u00e1s adelante, se incorporar\u00e1 la versi\u00f3n City basada en el acabado Pure Performance con hasta 330 kil\u00f3metros de autonom\u00eda.;.<\/p>\n<\/p>\n<p ><span>El precio del ID.3 1st Plus partir\u00e1 de los 43.110\u20ac PVP (37.900\u20ac PVP aplicando MOVES II) y el del ID.3 1st Max partir\u00e1 de los 48.930\u20ac (43.720\u20ac PVP aplicando MOVES II).<\/span><\/p>\n<p><span> <\/span><\/p>\n<p >El modelo b\u00e1sico Pure, con una autonom\u00eda de hasta 330 km (WLTP) estar\u00e1 disponible unos meses m\u00e1s tarde, por menos de 30.000\u20ac PVP (sin aplicar MOVES II).<\/p>\n<\/p>\n<p ><font size=\"1\"> 2. Todas las autonom\u00edas especificadas se determinan usando el Procedimiento de Prueba Mundial Armonizado de Veh\u00edculos Ligeros (WLTP, por sus siglas en ingl\u00e9s) para turismos y veh\u00edculos comerciales ligeros. A la pr\u00e1ctica, la autonom\u00eda real difiere en funci\u00f3n del estilo de conducci\u00f3n, velocidad, empleo de equipamientos de confort \/ auxiliares, temperatura exterior, n\u00famero de ocupantes \/ carga y topograf\u00eda. <\/font><\/p>\n","protected":false},"excerpt":{"rendered":"Se abren pedidos del ID.3 1st, en sus versiones Plus y Max, una edici\u00f3n limitada para los clientes que hab\u00edan hecho la pre-reserva del veh\u00edculoLos clientes del ID.3 1st obtendr\u00e1n ventajas de financiaci\u00f3n, ayudas para","protected":false},"author":1,"featured_media":25985,"comment_status":"open","ping_status":"open","sticky":false,"template":"","format":"standard","meta":{"_acf_changed":false,"ep_exclude_from_search":false,"footnotes":""},"categories":[293,202],"tags":[],"class_list":["post-25983","post","type-post","status-publish","format-standard","has-post-thumbnail","hentry","category-familia-id","category-id-3"],"acf":[],"_links":{"self":[{"href":"https:\/\/www.volkswagen.es\/comunicacion\/wp-json\/wp\/v2\/posts\/25983","targetHints":{"allow":["GET"]}}],"collection":[{"href":"https:\/\/www.volkswagen.es\/comunicacion\/wp-json\/wp\/v2\/posts"}],"about":[{"href":"https:\/\/www.volkswagen.es\/comunicacion\/wp-json\/wp\/v2\/types\/post"}],"author":[{"embeddable":true,"href":"https:\/\/www.volkswagen.es\/comunicacion\/wp-json\/wp\/v2\/users\/1"}],"replies":[{"embeddable":true,"href":"https:\/\/www.volkswagen.es\/comunicacion\/wp-json\/wp\/v2\/comments?post=25983"}],"version-history":[{"count":2,"href":"https:\/\/www.volkswagen.es\/comunicacion\/wp-json\/wp\/v2\/posts\/25983\/revisions"}],"predecessor-version":[{"id":52483,"href":"https:\/\/www.volkswagen.es\/comunicacion\/wp-json\/wp\/v2\/posts\/25983\/revisions\/52483"}],"wp:featuredmedia":[{"embeddable":true,"href":"https:\/\/www.volkswagen.es\/comunicacion\/wp-json\/wp\/v2\/media\/25985"}],"wp:attachment":[{"href":"https:\/\/www.volkswagen.es\/comunicacion\/wp-json\/wp\/v2\/media?parent=25983"}],"wp:term":[{"taxonomy":"category","embeddable":true,"href":"https:\/\/www.volkswagen.es\/comunicacion\/wp-json\/wp\/v2\/categories?post=25983"},{"taxonomy":"post_tag","embeddable":true,"href":"https:\/\/www.volkswagen.es\/comunicacion\/wp-json\/wp\/v2\/tags?post=25983"}],"curies":[{"name":"wp","href":"https:\/\/api.w.org\/{rel}","templated":true}]}}