{"id":25962,"date":"2020-06-24T00:00:00","date_gmt":"2020-06-24T00:00:00","guid":{"rendered":"https:\/\/www.volkswagen.es\/2020\/06\/24\/estreno-mundial-el-nuevo-arteon-llega-en-2020-con-un-sistema-hibrido-enchufable-y-una-version-r\/"},"modified":"2021-03-25T08:59:28","modified_gmt":"2021-03-25T08:59:28","slug":"estreno-mundial-el-nuevo-arteon-llega-en-2020-con-un-sistema-hibrido-enchufable-y-una-version-r","status":"publish","type":"post","link":"https:\/\/www.volkswagen.es\/comunicacion\/estreno-mundial-el-nuevo-arteon-llega-en-2020-con-un-sistema-hibrido-enchufable-y-una-version-r\/","title":{"rendered":"ESTRENO MUNDIAL: EL NUEVO ARTEON LLEGA EN 2020 CON UN SISTEMA H\u00cdBRIDO ENCHUFABLE Y UNA VERSI\u00d3N R"},"content":{"rendered":"<p >Datos importantes del nuevo Arteon<\/p>\n<p ><b>Una serie, dos modelos.<\/b> El nuevo Arteon Shooting Brake sale al mercado al mismo tiempo que la actualizaci\u00f3n del Arteon<\/p>\n<p ><b>Avantgarde.<\/b> El Arteon y el Arteon Shooting Brake plantean una declaraci\u00f3n de dise\u00f1o con sus inconfundibles dise\u00f1os de exterior e interior<\/p>\n<p ><b>Arteon Shooting Brake<\/b><sup>1<\/sup><b>.<\/b> En el segundo modelo de la serie Avantgarde, el concepto del Variant se interpreta de nuevo por completo y con mayor expresividad<\/p>\n<p ><b>100 % digital.<\/b> Toda la serie se ha actualizado ampliamente desde el punto de vista tecnol\u00f3gico y viene con \u00abDigital Cockpit Pro\u00bb de serie<\/p>\n<p ><b>Arteon eHybrid.<\/b> Por primera vez, Volkswagen ofrece una propulsi\u00f3n h\u00edbrida enchufable de 160 kW (218 CV)<sup>1<\/sup> para la gama Arteon<\/p>\n<p ><b>Versiones R independientes.<\/b> Volkswagen R ha desarrollado un motor de alto rendimiento con 235 kW (320 CV)<sup>1<\/sup> para los dos Arteon<\/p>\n<p ><b>Twindosing para el TDI.<\/b> El doble catalizador de reducci\u00f3n catal\u00edtica selectiva (SCR) reduce los \u00f3xidos n\u00edtricos (NOx) del turbodi\u00e9sel en hasta un 80 %<\/p>\n<p ><b>TSI de 140 kW con alto calandrado.<\/b> El innovador proceso de combusti\u00f3n de ciclo B mejora la eficiencia en hasta un 10 %<\/p>\n<p ><b>Conducci\u00f3n asistida.<\/b> Por primera vez, los nuevos modelos de Arteon pueden ser conducidos con asistencia a velocidades de hasta 210 km\/h con \u00abTravel Assist\u00bb<\/p>\n<p ><b>Nueva tracci\u00f3n total.<\/b> Los modelos R disponen de serie de una tracci\u00f3n total con una nueva gesti\u00f3n selectiva del par de cada rueda, lo cual le proporciona una mayor din\u00e1mica de marcha<\/p>\n","protected":false},"excerpt":{"rendered":".El Arteon es el Gran Turismo de Volkswagen, un modelo de vanguardia y vers\u00e1til, eficiente y lleno de energ\u00edaEn su presentaci\u00f3n mundial, Volkswagen ampl\u00eda la gama Arteon con una segunda versi\u00f3n: el nuevo Arteon Shooting","protected":false},"author":1,"featured_media":25963,"comment_status":"open","ping_status":"open","sticky":false,"template":"","format":"standard","meta":{"_acf_changed":false,"ep_exclude_from_search":false,"footnotes":""},"categories":[228],"tags":[],"class_list":["post-25962","post","type-post","status-publish","format-standard","has-post-thumbnail","hentry","category-arteon-arteon"],"acf":[],"_links":{"self":[{"href":"https:\/\/www.volkswagen.es\/comunicacion\/wp-json\/wp\/v2\/posts\/25962","targetHints":{"allow":["GET"]}}],"collection":[{"href":"https:\/\/www.volkswagen.es\/comunicacion\/wp-json\/wp\/v2\/posts"}],"about":[{"href":"https:\/\/www.volkswagen.es\/comunicacion\/wp-json\/wp\/v2\/types\/post"}],"author":[{"embeddable":true,"href":"https:\/\/www.volkswagen.es\/comunicacion\/wp-json\/wp\/v2\/users\/1"}],"replies":[{"embeddable":true,"href":"https:\/\/www.volkswagen.es\/comunicacion\/wp-json\/wp\/v2\/comments?post=25962"}],"version-history":[{"count":1,"href":"https:\/\/www.volkswagen.es\/comunicacion\/wp-json\/wp\/v2\/posts\/25962\/revisions"}],"predecessor-version":[{"id":26144,"href":"https:\/\/www.volkswagen.es\/comunicacion\/wp-json\/wp\/v2\/posts\/25962\/revisions\/26144"}],"wp:featuredmedia":[{"embeddable":true,"href":"https:\/\/www.volkswagen.es\/comunicacion\/wp-json\/wp\/v2\/media\/25963"}],"wp:attachment":[{"href":"https:\/\/www.volkswagen.es\/comunicacion\/wp-json\/wp\/v2\/media?parent=25962"}],"wp:term":[{"taxonomy":"category","embeddable":true,"href":"https:\/\/www.volkswagen.es\/comunicacion\/wp-json\/wp\/v2\/categories?post=25962"},{"taxonomy":"post_tag","embeddable":true,"href":"https:\/\/www.volkswagen.es\/comunicacion\/wp-json\/wp\/v2\/tags?post=25962"}],"curies":[{"name":"wp","href":"https:\/\/api.w.org\/{rel}","templated":true}]}}