{"id":25954,"date":"2020-06-03T00:00:00","date_gmt":"2020-06-03T00:00:00","guid":{"rendered":"https:\/\/www.volkswagen.es\/2020\/06\/03\/primeros-datos-sobre-la-actualizacion-del-arteon-y-el-nuevo-arteon-shooting-brake-vista-previa-del-estreno-virtual-del-24-de-junio\/"},"modified":"2021-05-20T07:14:07","modified_gmt":"2021-05-20T07:14:07","slug":"primeros-datos-sobre-la-actualizacion-del-arteon-y-el-nuevo-arteon-shooting-brake-vista-previa-del-estreno-virtual-del-24-de-junio","status":"publish","type":"post","link":"https:\/\/www.volkswagen.es\/comunicacion\/primeros-datos-sobre-la-actualizacion-del-arteon-y-el-nuevo-arteon-shooting-brake-vista-previa-del-estreno-virtual-del-24-de-junio\/","title":{"rendered":"PRIMEROS DATOS SOBRE LA ACTUALIZACI\u00d3N DEL ARTEON Y EL NUEVO ARTEON SHOOTING BRAKE. VISTA PREVIA DEL ESTRENO VIRTUAL DEL 24 DE JUNIO"},"content":{"rendered":"<p>Volkswagen lanzar\u00e1 una gran actualizaci\u00f3n de la l\u00ednea de modelos coincidiendo con el estreno de las dos versiones del Arteon. En el interior del veh\u00edculo, el Arteon incorporar\u00e1 un entorno de cabina completamente nuevo y a la altura del exclusivo carisma de estos modelos. Ambos modelos integran los m\u00e1s modernos sistemas de la plataforma modular de infoentretenimiento (MIB3), para garantizar la mejor conectividad posible. Desde un punto de vista tecnol\u00f3gico, la gama de propulsores tambi\u00e9n ha sido reestructurada.<\/p>\n<p><span> <\/span><\/p>\n<p>Todos los motores ofrecen altos niveles de eficiencia, as\u00ed como bajas emisiones y un poderoso par motor. La m\u00e1xima eficiencia se alcanza gracias a las innovadoras tecnolog\u00edas de motor y emisiones orientadas al futuro. Adem\u00e1s, en esta vanguardista l\u00ednea de modelos tambi\u00e9n se introducir\u00e1n sistemas de asistencia inteligentes. Un ejemplo: gracias al \u00abTravel Assist\u00bb, en los nuevos modelos Arteon ser\u00e1 posible por primera vez una conducci\u00f3n altamente asistida. Especialmente dise\u00f1ado para viajes de larga distancia, el Travel Assist se encargar\u00e1 de la direcci\u00f3n, la aceleraci\u00f3n y el frenado a velocidades de hasta 210 km\/h &#8211; todo ello bajo control del conductor.<\/p>\n<\/p>\n<p>El estreno mundial, junto con la informaci\u00f3n detallada sobre el Arteon  coup\u00e9 y el Arteon Shooting Brake, se producir\u00e1 en junio.<\/p>\n<\/p>\n<p><font size=\"1\"><i><sup>1)<\/sup><\/i> <i>El veh\u00edculo es un prototipo cercano a la producci\u00f3n en serie<\/i><\/font><\/p>\n<p><span> <\/span><\/p>\n","protected":false},"excerpt":{"rendered":"El din\u00e1mico fastback de cuatro puertas se actualizar\u00e1 y se lanzar\u00e1 con un segundo tipo de carrocer\u00eda, con la denominaci\u00f3n Arteon Shooting Brake Actualizaci\u00f3n integral de la gama de modelos, con nuevos sistemas de propulsi\u00f3n","protected":false},"author":1,"featured_media":25957,"comment_status":"open","ping_status":"open","sticky":false,"template":"","format":"standard","meta":{"_acf_changed":false,"ep_exclude_from_search":false,"footnotes":""},"categories":[228,229],"tags":[],"class_list":["post-25954","post","type-post","status-publish","format-standard","has-post-thumbnail","hentry","category-arteon-arteon","category-arteon-shooting-brake"],"acf":[],"_links":{"self":[{"href":"https:\/\/www.volkswagen.es\/comunicacion\/wp-json\/wp\/v2\/posts\/25954","targetHints":{"allow":["GET"]}}],"collection":[{"href":"https:\/\/www.volkswagen.es\/comunicacion\/wp-json\/wp\/v2\/posts"}],"about":[{"href":"https:\/\/www.volkswagen.es\/comunicacion\/wp-json\/wp\/v2\/types\/post"}],"author":[{"embeddable":true,"href":"https:\/\/www.volkswagen.es\/comunicacion\/wp-json\/wp\/v2\/users\/1"}],"replies":[{"embeddable":true,"href":"https:\/\/www.volkswagen.es\/comunicacion\/wp-json\/wp\/v2\/comments?post=25954"}],"version-history":[{"count":1,"href":"https:\/\/www.volkswagen.es\/comunicacion\/wp-json\/wp\/v2\/posts\/25954\/revisions"}],"predecessor-version":[{"id":48132,"href":"https:\/\/www.volkswagen.es\/comunicacion\/wp-json\/wp\/v2\/posts\/25954\/revisions\/48132"}],"wp:featuredmedia":[{"embeddable":true,"href":"https:\/\/www.volkswagen.es\/comunicacion\/wp-json\/wp\/v2\/media\/25957"}],"wp:attachment":[{"href":"https:\/\/www.volkswagen.es\/comunicacion\/wp-json\/wp\/v2\/media?parent=25954"}],"wp:term":[{"taxonomy":"category","embeddable":true,"href":"https:\/\/www.volkswagen.es\/comunicacion\/wp-json\/wp\/v2\/categories?post=25954"},{"taxonomy":"post_tag","embeddable":true,"href":"https:\/\/www.volkswagen.es\/comunicacion\/wp-json\/wp\/v2\/tags?post=25954"}],"curies":[{"name":"wp","href":"https:\/\/api.w.org\/{rel}","templated":true}]}}