{"id":25930,"date":"2020-04-27T00:00:00","date_gmt":"2020-04-27T00:00:00","guid":{"rendered":"https:\/\/www.volkswagen.es\/2020\/04\/27\/volkswagen-navarra-regresa-a-la-actividad-productiva\/"},"modified":"2021-11-19T18:22:51","modified_gmt":"2021-11-19T18:22:51","slug":"volkswagen-navarra-regresa-a-la-actividad-productiva","status":"publish","type":"post","link":"https:\/\/www.volkswagen.es\/comunicacion\/volkswagen-navarra-regresa-a-la-actividad-productiva\/","title":{"rendered":"Volkswagen Navarra regresa a la actividad productiva"},"content":{"rendered":"<p >Todos los trabajadores han llegado a la f\u00e1brica con los equipos de protecci\u00f3n individual colocados (mascarillas y guantes entregados en la f\u00e1brica la semana pasada) y han pasado, manteniendo las distancias de seguridad recomendadas, controles de temperatura corporal antes de acceder a las instalaciones de Volkswagen Navarra.<\/p>\n<p ><b>1600 trabajadores y plan de acogida<\/b><\/p>\n<p >El conocimiento y la adaptaci\u00f3n a las nuevas normas de funcionamiento han tenido un espacio importante en la jornada de hoy en la f\u00e1brica, donde han trabajado 1.600 empleados: 1.250 de mano de obra directa y 350 indirectos. En todas las \u00e1reas, los diferentes responsables han impartido, antes comenzar la labor, un plan de acogida a los trabajadores, en el que se han explicado las medidas de protecci\u00f3n y seguridad adoptadas en esta situaci\u00f3n, as\u00ed como la nueva organizaci\u00f3n del trabajo.<\/p>\n<p >Volkswagen Navarra tiene previsto producir 527 veh\u00edculos por turno y d\u00eda, aunque hoy esta cifra ha sido excepcionalmente m\u00e1s reducida por el tiempo restado a la producci\u00f3n para dedicarlo al plan de acogida. La siguiente jornada de producci\u00f3n ser\u00e1 el jueves 30 de abril, tambi\u00e9n en turno de ma\u00f1ana. El martes 28 y el mi\u00e9rcoles 29, por su parte, est\u00e1n reservados para analizar el funcionamiento del primer d\u00eda y para introducir, en el caso de ser necesarias, medidas de mejora en los procedimientos implementados. Posteriormente, est\u00e1 previsto que las semanas del 4 al 8 y del 11 al 15 de mayo se mantengan con un \u00fanico turno diario (de ma\u00f1ana), para implantar el segundo turno diario (de tarde, de 15:00 a 23:00 horas) a partir del 18 de mayo.<\/p>\n<p ><b>Salud de los trabajadores y medidas de conciliaci\u00f3n<\/b><\/p>\n<p >Durante las \u00faltimas seis semanas y con el objetivo de conocer y valorar el estado de salud de la plantilla, el Servicio M\u00e9dico de Volkswagen Navarra ha mantenido un contacto permanente con los trabajadores, con m\u00e1s de 1.300 llamadas telef\u00f3nicas realizadas. Tal y como marca la ley, el Servicio M\u00e9dico de la f\u00e1brica ha identificado, para preservar la salud de los trabajadores y poder organizar la vuelta al trabajo en las mejores condiciones, a 154 trabajadores que tienen patolog\u00edas que les hacen vulnerables al COVID-19 y que, en consecuencia, no han sido citados para incorporarse a la f\u00e1brica en estos momentos.<\/p>\n<p >Por su parte, desde el \u00e1rea de Recursos Humanos de Volkswagen Navarra se ha trabajado en estas semanas para facilitar, dentro de las herramientas existentes, medidas de conciliaci\u00f3n a los trabajadores que tienen a su cargo hijos menores o familiares. De esta forma, 38 trabajadores han solicitado medidas de conciliaci\u00f3n para este regreso gradual a la producci\u00f3n, y se suman a los 308 trabajadores que ya ten\u00edan activadas medidas de este tipo antes de la crisis del COVID-19.<\/p>\n<p ><b>Cumplimiento y compromiso con la f\u00e1brica<\/b><\/p>\n<p >El presidente de Volkswagen Navarra, Emilio S\u00e1enz Grijalba, ha querido agradecer, en el primer d\u00eda del regreso gradual a la producci\u00f3n, \u00abel cumplimiento de la nueva normativa por parte de la plantilla y su compromiso con Volkswagen Navarra\u00bb.<\/p>\n<p >Adem\u00e1s, S\u00e1enz ha subrayado el trabajo desarrollado durante semanas por todas las \u00e1reas de la f\u00e1brica para retomar el trabajo en las mejores condiciones y con la mayor seguridad posible: \u00abNo s\u00f3lo hemos seguido toda la normativa de salud y seguridad en el trabajo de los organismos oficiales, sino que hemos implantado, en la mayor\u00eda de los casos, medidas por encima de esas exigencias y recomendaciones, porque para nosotros, la seguridad y la salud de la plantilla es absolutamente prioritaria\u00bb.<\/p>\n","protected":false},"excerpt":{"rendered":"Tras suspender la fabricaci\u00f3n el pasado 15 de marzo, la planta ha retomado hoy la producci\u00f3n con un turno de trabajo y con todas las medidas de prevenci\u00f3n y seguridad indicadas por las autoridades sanitariasTras","protected":false},"author":1,"featured_media":25932,"comment_status":"open","ping_status":"open","sticky":false,"template":"","format":"standard","meta":{"_acf_changed":false,"ep_exclude_from_search":false,"footnotes":""},"categories":[303],"tags":[],"class_list":["post-25930","post","type-post","status-publish","format-standard","has-post-thumbnail","hentry","category-vw-navarra"],"acf":[],"_links":{"self":[{"href":"https:\/\/www.volkswagen.es\/comunicacion\/wp-json\/wp\/v2\/posts\/25930","targetHints":{"allow":["GET"]}}],"collection":[{"href":"https:\/\/www.volkswagen.es\/comunicacion\/wp-json\/wp\/v2\/posts"}],"about":[{"href":"https:\/\/www.volkswagen.es\/comunicacion\/wp-json\/wp\/v2\/types\/post"}],"author":[{"embeddable":true,"href":"https:\/\/www.volkswagen.es\/comunicacion\/wp-json\/wp\/v2\/users\/1"}],"replies":[{"embeddable":true,"href":"https:\/\/www.volkswagen.es\/comunicacion\/wp-json\/wp\/v2\/comments?post=25930"}],"version-history":[{"count":3,"href":"https:\/\/www.volkswagen.es\/comunicacion\/wp-json\/wp\/v2\/posts\/25930\/revisions"}],"predecessor-version":[{"id":52312,"href":"https:\/\/www.volkswagen.es\/comunicacion\/wp-json\/wp\/v2\/posts\/25930\/revisions\/52312"}],"wp:featuredmedia":[{"embeddable":true,"href":"https:\/\/www.volkswagen.es\/comunicacion\/wp-json\/wp\/v2\/media\/25932"}],"wp:attachment":[{"href":"https:\/\/www.volkswagen.es\/comunicacion\/wp-json\/wp\/v2\/media?parent=25930"}],"wp:term":[{"taxonomy":"category","embeddable":true,"href":"https:\/\/www.volkswagen.es\/comunicacion\/wp-json\/wp\/v2\/categories?post=25930"},{"taxonomy":"post_tag","embeddable":true,"href":"https:\/\/www.volkswagen.es\/comunicacion\/wp-json\/wp\/v2\/tags?post=25930"}],"curies":[{"name":"wp","href":"https:\/\/api.w.org\/{rel}","templated":true}]}}