{"id":25914,"date":"2020-04-17T00:00:00","date_gmt":"2020-04-17T00:00:00","guid":{"rendered":"https:\/\/www.volkswagen.es\/2020\/04\/17\/volkswagen-navarra-aprueba-la-modificacion-de-los-turnos-de-trabajo-para-regresar-a-la-actividad-el-27-de-abril\/"},"modified":"2021-11-19T18:27:05","modified_gmt":"2021-11-19T18:27:05","slug":"volkswagen-navarra-aprueba-la-modificacion-de-los-turnos-de-trabajo-para-regresar-a-la-actividad-el-27-de-abril","status":"publish","type":"post","link":"https:\/\/www.volkswagen.es\/comunicacion\/volkswagen-navarra-aprueba-la-modificacion-de-los-turnos-de-trabajo-para-regresar-a-la-actividad-el-27-de-abril\/","title":{"rendered":"Volkswagen Navarra aprueba la modificaci\u00f3n de los turnos de trabajo para regresar a la actividad el 27 de abril"},"content":{"rendered":"<p >A punto de concluir la quinta semana de confinamiento domiciliario por motivo de la crisis del COVID-19, la direcci\u00f3n y la mayor\u00eda de la representaci\u00f3n social han aprobado organizar dos turnos alternos de trabajo. El primero de ellos, el T1, queda configurado por los trabajadores que integraban anteriormente el turno C y una parte del turno A, mientras que el segundo de ellos, el T2, queda formado por los empleados que trabajaban anteriormente en el turno B y otra parte del turno A.<\/p>\n<p >Los primeros cuatro d\u00edas de trabajo (lunes 27 de abril, martes 28, jueves 30 y lunes 4 de mayo) se trabajar\u00e1 a un turno (de ma\u00f1ana, de 06:00 a 14:00 horas) y permitir\u00e1n a los trabajadores retomar la actividad con las nuevas condiciones de trabajo. El mi\u00e9rcoles 29 se reserva como jornada sin producci\u00f3n y se utilizar\u00e1 para analizar el funcionamiento de los dos primeros d\u00edas y para introducir, en el caso de ser necesarias, medidas de mejora en los procedimientos implementados.<\/p>\n<p >Tras esta primera fase, desde el martes 5 de mayo est\u00e1 previsto implantar el trabajo a dos turnos: de 06:00 a 14:00 horas el turno de ma\u00f1ana y de 15:00 a 23:00 horas el turno de tarde, con una hora entre ambos turnos para facilitar la entrada y la salida de trabajadores, as\u00ed como la limpieza de instalaciones y espacios de trabajo.<\/p>\n<p ><b>Medidas de protecci\u00f3n<\/b><\/p>\n<p >Tras concretarse la modificaci\u00f3n de los turnos de trabajo, la direcci\u00f3n de la empresa ha detallado todas las medidas de protecci\u00f3n que seguir\u00e1n los trabajadores de la f\u00e1brica para garantizar su seguridad y el cuidado de su salud en su regreso a la actividad productiva.<\/p>\n<p >Las principales medidas de protecci\u00f3n, organizaci\u00f3n y limpieza son las siguientes:<\/p>\n<p >-Cada trabajador recibir\u00e1 semanalmente mascarillas y pares de guantes para realizar su trabajo.<\/p>\n<p >-Los trabajadores acudir\u00e1n cada d\u00eda a la f\u00e1brica con la mascarilla y los guantes puestos.<\/p>\n<p >-La f\u00e1brica realizar\u00e1 cada d\u00eda controles de temperatura corporal a todas las personas antes de acceder al recinto fabril.<\/p>\n<p >-El fichaje se realizar\u00e1 en los tornos de entrada a la f\u00e1brica.<\/p>\n<p >-Las duchas (salvo casos de limpieza por causas excepcionales) y el comedor de la f\u00e1brica estar\u00e1n cerrados.<\/p>\n<p >-Los trabajadores abandonar\u00e1n la f\u00e1brica con la mascarilla y los guantes puestos.<\/p>\n<p >-Habr\u00e1 puestos de hidrogel y desinfectante colocados en todos los espacios de trabajo de la f\u00e1brica.<\/p>\n<p >-La f\u00e1brica reforzar\u00e1 la limpieza y desinfecci\u00f3n, tanto en frecuencia como en intensidad, de las zonas interiores, las zonas exteriores, las oficinas, las salas de descanso y los aseos.<\/p>\n<p >-Para el personal indirecto, existe la posibilidad de habilitar la opci\u00f3n del teletrabajo y se solicita minimizar el n\u00famero de reuniones presenciales y su afluencia.<\/p>\n","protected":false},"excerpt":{"rendered":"Los cuatro primeros d\u00edas de producci\u00f3n (27, 28 y 30 de abril y 4 de mayo) se trabajar\u00e1 solo en turno de ma\u00f1anaDesde el 5 de mayo se introduce el turno de tarde, con la","protected":false},"author":1,"featured_media":25917,"comment_status":"open","ping_status":"open","sticky":false,"template":"","format":"standard","meta":{"_acf_changed":false,"ep_exclude_from_search":false,"footnotes":""},"categories":[303],"tags":[],"class_list":["post-25914","post","type-post","status-publish","format-standard","has-post-thumbnail","hentry","category-vw-navarra"],"acf":[],"_links":{"self":[{"href":"https:\/\/www.volkswagen.es\/comunicacion\/wp-json\/wp\/v2\/posts\/25914","targetHints":{"allow":["GET"]}}],"collection":[{"href":"https:\/\/www.volkswagen.es\/comunicacion\/wp-json\/wp\/v2\/posts"}],"about":[{"href":"https:\/\/www.volkswagen.es\/comunicacion\/wp-json\/wp\/v2\/types\/post"}],"author":[{"embeddable":true,"href":"https:\/\/www.volkswagen.es\/comunicacion\/wp-json\/wp\/v2\/users\/1"}],"replies":[{"embeddable":true,"href":"https:\/\/www.volkswagen.es\/comunicacion\/wp-json\/wp\/v2\/comments?post=25914"}],"version-history":[{"count":4,"href":"https:\/\/www.volkswagen.es\/comunicacion\/wp-json\/wp\/v2\/posts\/25914\/revisions"}],"predecessor-version":[{"id":52318,"href":"https:\/\/www.volkswagen.es\/comunicacion\/wp-json\/wp\/v2\/posts\/25914\/revisions\/52318"}],"wp:featuredmedia":[{"embeddable":true,"href":"https:\/\/www.volkswagen.es\/comunicacion\/wp-json\/wp\/v2\/media\/25917"}],"wp:attachment":[{"href":"https:\/\/www.volkswagen.es\/comunicacion\/wp-json\/wp\/v2\/media?parent=25914"}],"wp:term":[{"taxonomy":"category","embeddable":true,"href":"https:\/\/www.volkswagen.es\/comunicacion\/wp-json\/wp\/v2\/categories?post=25914"},{"taxonomy":"post_tag","embeddable":true,"href":"https:\/\/www.volkswagen.es\/comunicacion\/wp-json\/wp\/v2\/tags?post=25914"}],"curies":[{"name":"wp","href":"https:\/\/api.w.org\/{rel}","templated":true}]}}