{"id":25909,"date":"2020-04-17T00:00:00","date_gmt":"2020-04-17T00:00:00","guid":{"rendered":"https:\/\/www.volkswagen.es\/2020\/04\/17\/stories-volkswagen-el-coche-privado-se-convierte-en-el-medio-de-transporte-preferido-en-china\/"},"modified":"2020-04-17T00:00:00","modified_gmt":"2020-04-17T00:00:00","slug":"stories-volkswagen-el-coche-privado-se-convierte-en-el-medio-de-transporte-preferido-en-china","status":"publish","type":"post","link":"https:\/\/www.volkswagen.es\/comunicacion\/stories-volkswagen-el-coche-privado-se-convierte-en-el-medio-de-transporte-preferido-en-china\/","title":{"rendered":"STORIES VOLKSWAGEN: El coche privado se convierte en el medio de transporte preferido en China"},"content":{"rendered":"<p><span><font color=\"#330033\">A finales de febrero, Ipsos pregunt\u00f3 a 1.620 ciudadanos chinos acerca de sus preferencias de movilidad &#8211; y el papel que el miedo al virus ha jugado en el cambio de h\u00e1bitos. Los coches privados hab\u00edan saltado del tercer al primer lugar como medio de transporte preferido, mientras que los autobuses y el metro perd\u00edan terreno. Por otra parte, los veh\u00edculos individuales de dos ruedas manten\u00edan la segunda posici\u00f3n. La empresa de consultor\u00eda Kantar lleg\u00f3 a conclusiones similares a las del estudio de Ipsos. \u00abDebido a la pandemia, las personas repensar\u00e1n su forma moverse en el futuro\u00bb, dice un estudio sobre las consecuencias del virus en la industria china. Esto podr\u00eda aumentar el deseo de comprar un coche.<\/font><\/span><\/p>\n<\/p>\n<p><font color=\"#330033\">Tras una profunda ca\u00edda en febrero, en la actualidad el mercado autom\u00f3vil chino est\u00e1 dando se\u00f1ales de recuperaci\u00f3n. \u00abPreveo que el negocio autom\u00f3vil alcance el nivel del a\u00f1o anterior a principios de este verano\u00bb, dice Stephan W\u00f6llenstein, Consejero Delegado de Volkswagen Group China. La producci\u00f3n ya se ha reanudado en 22 de los 24 centros de Volkswagen en China.<\/font><\/p>\n<\/p>\n<p><font color=\"#330033\" size=\"4\"><b>\u00abPreveo que el negocio autom\u00f3vil alcanzar\u00e1 el nivel del a\u00f1o anterior a principios de este verano.\u00bb-\u00a0<\/b><\/font><span >Stephan W\u00f6llenstein, CEO de Volkswagen Group China<\/span><\/p>\n<p><font color=\"#330033\">Paralelamente, m\u00e1s del 98% de los concesionarios Volkswagen tambi\u00e9n han reabierto sus puertas. Entre los pr\u00f3ximos clientes podr\u00edan estar aquellos que han decidido comprar un coche a ra\u00edz de la crisis del coronavirus &#8211; por lo menos, es lo que sugiere el estudio de Ipsos.<\/font><\/p>\n<p><font color=\"#330033\">Uno de los principales hallazgos: dos terceras partes de los entrevistados que actualmente no tienen un veh\u00edculo en propiedad quieren comprar un coche en los seis pr\u00f3ximos meses. Para tres de cada cuatro primeros compradores, la protecci\u00f3n contra la infecci\u00f3n es uno de los principales motivos tras su intenci\u00f3n de compra. En el ranking de argumentos de compra, la salud queda claramente por delante de la adecuaci\u00f3n a la vida familiar o la flexibilidad.<\/font><\/p>\n<\/p>\n<p><span>Las operaciones de Volkswagen Group China en China est\u00e1n mostrando claros signos de recuperaci\u00f3n del negocio. Todos los concesionarios de la marca Volkswagen est\u00e1n abiertos de nuevo, con un tr\u00e1fico durante el mes de marzo comparable al del mismo periodo del a\u00f1o pasado. Aproximadamente un 95 por ciento de los concesionarios de las marcas Audi y \u0160KODA que tambi\u00e9n se producen en China tambi\u00e9n ha reabierto. La joint venture SAIC VOLKSWAGEN en Changsha tambi\u00e9n ha retomado sus operaciones. En total, el n\u00famero de plantas ha aumentado as\u00ed a 32 de las 33 plantas de autom\u00f3viles y componentes.<\/span><\/p>\n","protected":false},"excerpt":{"rendered":"La movilidad en la ciudad conlleva a veces poco espacio en el metro o en el autob\u00fas o en las estaciones, con mucha gente junta en un \u00e1rea limitada. En China, hay se\u00f1ales que indican","protected":false},"author":1,"featured_media":25913,"comment_status":"open","ping_status":"open","sticky":false,"template":"","format":"standard","meta":{"_acf_changed":false,"ep_exclude_from_search":false,"footnotes":""},"categories":[287],"tags":[],"class_list":["post-25909","post","type-post","status-publish","format-standard","has-post-thumbnail","hentry","category-acciones-de-marketing"],"acf":[],"_links":{"self":[{"href":"https:\/\/www.volkswagen.es\/comunicacion\/wp-json\/wp\/v2\/posts\/25909","targetHints":{"allow":["GET"]}}],"collection":[{"href":"https:\/\/www.volkswagen.es\/comunicacion\/wp-json\/wp\/v2\/posts"}],"about":[{"href":"https:\/\/www.volkswagen.es\/comunicacion\/wp-json\/wp\/v2\/types\/post"}],"author":[{"embeddable":true,"href":"https:\/\/www.volkswagen.es\/comunicacion\/wp-json\/wp\/v2\/users\/1"}],"replies":[{"embeddable":true,"href":"https:\/\/www.volkswagen.es\/comunicacion\/wp-json\/wp\/v2\/comments?post=25909"}],"version-history":[{"count":0,"href":"https:\/\/www.volkswagen.es\/comunicacion\/wp-json\/wp\/v2\/posts\/25909\/revisions"}],"wp:featuredmedia":[{"embeddable":true,"href":"https:\/\/www.volkswagen.es\/comunicacion\/wp-json\/wp\/v2\/media\/25913"}],"wp:attachment":[{"href":"https:\/\/www.volkswagen.es\/comunicacion\/wp-json\/wp\/v2\/media?parent=25909"}],"wp:term":[{"taxonomy":"category","embeddable":true,"href":"https:\/\/www.volkswagen.es\/comunicacion\/wp-json\/wp\/v2\/categories?post=25909"},{"taxonomy":"post_tag","embeddable":true,"href":"https:\/\/www.volkswagen.es\/comunicacion\/wp-json\/wp\/v2\/tags?post=25909"}],"curies":[{"name":"wp","href":"https:\/\/api.w.org\/{rel}","templated":true}]}}