{"id":25895,"date":"2020-04-08T00:00:00","date_gmt":"2020-04-08T00:00:00","guid":{"rendered":"https:\/\/www.volkswagen.es\/2020\/04\/08\/volkswagen-navarra-y-la-parte-social-avanzan-en-el-acuerdo-para-el-regreso-gradual-a-la-actividad-productiva-previsiblemente-a-partir-del-27-de-abril\/"},"modified":"2021-11-19T18:29:50","modified_gmt":"2021-11-19T18:29:50","slug":"volkswagen-navarra-y-la-parte-social-avanzan-en-el-acuerdo-para-el-regreso-gradual-a-la-actividad-productiva-previsiblemente-a-partir-del-27-de-abril","status":"publish","type":"post","link":"https:\/\/www.volkswagen.es\/comunicacion\/volkswagen-navarra-y-la-parte-social-avanzan-en-el-acuerdo-para-el-regreso-gradual-a-la-actividad-productiva-previsiblemente-a-partir-del-27-de-abril\/","title":{"rendered":"Volkswagen Navarra y la parte social avanzan en el acuerdo para el regreso gradual a la actividad productiva, previsiblemente a partir del 27 de abril"},"content":{"rendered":"<p >La fecha definitiva se cerrar\u00e1 en funci\u00f3n de la reactivaci\u00f3n de un mercado del autom\u00f3vil parado en estos momentos como consecuencia del cierre temporal de los concesionarios y la ca\u00edda de las ventas.<\/p>\n<p >La f\u00e1brica contin\u00faa realizando las gestiones oportunas para disponer de todos los EPI necesarios, que garanticen la seguridad y la salud de la plantilla a partir del d\u00eda en el que se reinicie la actividad.<\/p>\n","protected":false},"excerpt":{"rendered":"La direcci\u00f3n de Volkswagen Navarra y la representaci\u00f3n de los trabajadores se han vuelto a reunir hoy para avanzar en la concreci\u00f3n del plan organizativo que vele por la seguridad y la salud de los","protected":false},"author":1,"featured_media":0,"comment_status":"open","ping_status":"open","sticky":false,"template":"","format":"standard","meta":{"_acf_changed":false,"ep_exclude_from_search":false,"footnotes":""},"categories":[303],"tags":[],"class_list":["post-25895","post","type-post","status-publish","format-standard","hentry","category-vw-navarra"],"acf":[],"_links":{"self":[{"href":"https:\/\/www.volkswagen.es\/comunicacion\/wp-json\/wp\/v2\/posts\/25895","targetHints":{"allow":["GET"]}}],"collection":[{"href":"https:\/\/www.volkswagen.es\/comunicacion\/wp-json\/wp\/v2\/posts"}],"about":[{"href":"https:\/\/www.volkswagen.es\/comunicacion\/wp-json\/wp\/v2\/types\/post"}],"author":[{"embeddable":true,"href":"https:\/\/www.volkswagen.es\/comunicacion\/wp-json\/wp\/v2\/users\/1"}],"replies":[{"embeddable":true,"href":"https:\/\/www.volkswagen.es\/comunicacion\/wp-json\/wp\/v2\/comments?post=25895"}],"version-history":[{"count":4,"href":"https:\/\/www.volkswagen.es\/comunicacion\/wp-json\/wp\/v2\/posts\/25895\/revisions"}],"predecessor-version":[{"id":52321,"href":"https:\/\/www.volkswagen.es\/comunicacion\/wp-json\/wp\/v2\/posts\/25895\/revisions\/52321"}],"wp:attachment":[{"href":"https:\/\/www.volkswagen.es\/comunicacion\/wp-json\/wp\/v2\/media?parent=25895"}],"wp:term":[{"taxonomy":"category","embeddable":true,"href":"https:\/\/www.volkswagen.es\/comunicacion\/wp-json\/wp\/v2\/categories?post=25895"},{"taxonomy":"post_tag","embeddable":true,"href":"https:\/\/www.volkswagen.es\/comunicacion\/wp-json\/wp\/v2\/tags?post=25895"}],"curies":[{"name":"wp","href":"https:\/\/api.w.org\/{rel}","templated":true}]}}