{"id":25889,"date":"2020-04-06T00:00:00","date_gmt":"2020-04-06T00:00:00","guid":{"rendered":"https:\/\/www.volkswagen.es\/2020\/04\/06\/volkswagen-organiza-por-primera-vez-un-salon-del-automovil-virtual\/"},"modified":"2021-03-25T09:28:47","modified_gmt":"2021-03-25T09:28:47","slug":"volkswagen-organiza-por-primera-vez-un-salon-del-automovil-virtual","status":"publish","type":"post","link":"https:\/\/www.volkswagen.es\/comunicacion\/volkswagen-organiza-por-primera-vez-un-salon-del-automovil-virtual\/","title":{"rendered":"VOLKSWAGEN ORGANIZA POR PRIMERA VEZ UN SAL\u00d3N DEL AUTOM\u00d3VIL VIRTUAL"},"content":{"rendered":"<p ><span>\u00abEstoy satisfecho de que nuestro equipo de marketing haya logrado hacer que nuestro stand est\u00e9 disponible para todos los visitantes, a pesar de la cancelaci\u00f3n del Sal\u00f3n del Autom\u00f3vil de Ginebra. Virtualmente, podr\u00e1n apreciar la atenci\u00f3n al detalle de nuestro equipo en la presentaci\u00f3n de esta exposici\u00f3n, as\u00ed como experimentar con nuestros principales productos. Una vez m\u00e1s, esto demuestra que las situaciones especiales requieren soluciones especiales\u00bb, dijo J\u00fcrgen Stackmann, responsable de Ventas, Marketing y Posventa del Comit\u00e9 Ejecutivo de la marca Volkswagen. \u00abEstamos convencidos de que, en el futuro, seremos capaces de llegar a todav\u00eda m\u00e1s gente a trav\u00e9s de las visitas a exposiciones virtuales, adem\u00e1s de la presentaci\u00f3n real de veh\u00edculos\u00bb.<\/span><\/p>\n<p><span> <\/span><\/p>\n<p ><span>Todos los veh\u00edculos y el stand previstos para Ginebra han sido procesados digitalmente para una experiencia de 360\u00ba que ofrezca a los visitantes la experiencia tridimensional de estar en el sal\u00f3n. El principal enfoque ser\u00e1n los nuevos productos de 2020: estos van del futuro veh\u00edculo el\u00e9ctrico ID.3\u00b9 al nuevo Touareg R\u00b2 con tecnolog\u00eda h\u00edbrida enchufable y la \u00faltima generaci\u00f3n de las ic\u00f3nicas versiones deportivas del Golf compacto, el GTI\u00b3, el GTD? y el GTE?.<\/span><\/p>\n<p><span> <\/span><\/p>\n<p ><span>Los usuarios toman parte en una visita guiada del stand, pero pueden controlar su visita de forma individual, seleccionando funciones adicionales integradas que permiten mostrar los veh\u00edculos con distintos colores o llantas. Finalmente, los usuarios son llevados a una p\u00e1gina de registro, donde pueden crear su ID de Vokswagen para recibir ofertas personalizadas en el futuro.<\/span><\/p>\n<p><span> <\/span><\/p>\n<p><span> <\/span><\/p>\n<p >\u00abNuestro primer stand digital es tan solo el primer cap\u00edtulo de nuestro nuevo concepto sostenible para futuras experiencias online innovadoras\u00bb. Dijo Jochen Sengpiehl, director de Marketing de la marca Volkswagen Turismos. \u00abAprovechar las oportunidades que nos ofrece la realidad virtual forma parte de nuestra estrategia de digitalizaci\u00f3n. Se convertir\u00e1 en parte \u00edntegral de nuestro marketing experiencial, de toda la presentaci\u00f3n externa de la marca y de la interacci\u00f3n con clientes y fans\u00bb.<\/p>\n<\/p>\n<p >El sal\u00f3n del autom\u00f3vil virtual puede visitarse de forma gratuita. La p\u00e1gina web estar\u00e1 disponible en alem\u00e1n e ingl\u00e9s hasta el 17 de abril de 2020.<\/p>\n<p ><span> <\/span><\/p>\n<p ><span>1) ID.3: el veh\u00edculo todav\u00eda no est\u00e1 a la venta en Europa.<\/span><\/p>\n<p ><span>2) Touareg R: el veh\u00edculo es un prototipo cercano a la producci\u00f3n en serie.<\/span><\/p>\n<p ><span>3) Golf GTI: el veh\u00edculo es un prototipo cercano a la producci\u00f3n en serie.<\/span><\/p>\n<p ><span>4) Golf GTD: el veh\u00edculo es un prototipo cercano a la producci\u00f3n en serie.<\/span><\/p>\n<p ><span>5) Golf GTE: el veh\u00edculo es un prototipo cercano a la producci\u00f3n en serie.<\/span><\/p>\n<p><!--EndFragment--><\/p>\n","protected":false},"excerpt":{"rendered":"Los usuarios podr\u00e1n experimentar con todos los veh\u00edculos de forma interactivaLas posibilidades de la realidad virtual est\u00e1n ganando una importancia estrat\u00e9gica para el marketing experiencialObjetivos: experiencia del usuario personalizada, mayor alcance y conceptos sosteniblesTras la","protected":false},"author":1,"featured_media":25891,"comment_status":"open","ping_status":"open","sticky":false,"template":"","format":"standard","meta":{"_acf_changed":false,"ep_exclude_from_search":false,"footnotes":""},"categories":[279],"tags":[],"class_list":["post-25889","post","type-post","status-publish","format-standard","has-post-thumbnail","hentry","category-corporativo"],"acf":[],"_links":{"self":[{"href":"https:\/\/www.volkswagen.es\/comunicacion\/wp-json\/wp\/v2\/posts\/25889","targetHints":{"allow":["GET"]}}],"collection":[{"href":"https:\/\/www.volkswagen.es\/comunicacion\/wp-json\/wp\/v2\/posts"}],"about":[{"href":"https:\/\/www.volkswagen.es\/comunicacion\/wp-json\/wp\/v2\/types\/post"}],"author":[{"embeddable":true,"href":"https:\/\/www.volkswagen.es\/comunicacion\/wp-json\/wp\/v2\/users\/1"}],"replies":[{"embeddable":true,"href":"https:\/\/www.volkswagen.es\/comunicacion\/wp-json\/wp\/v2\/comments?post=25889"}],"version-history":[{"count":1,"href":"https:\/\/www.volkswagen.es\/comunicacion\/wp-json\/wp\/v2\/posts\/25889\/revisions"}],"predecessor-version":[{"id":26146,"href":"https:\/\/www.volkswagen.es\/comunicacion\/wp-json\/wp\/v2\/posts\/25889\/revisions\/26146"}],"wp:featuredmedia":[{"embeddable":true,"href":"https:\/\/www.volkswagen.es\/comunicacion\/wp-json\/wp\/v2\/media\/25891"}],"wp:attachment":[{"href":"https:\/\/www.volkswagen.es\/comunicacion\/wp-json\/wp\/v2\/media?parent=25889"}],"wp:term":[{"taxonomy":"category","embeddable":true,"href":"https:\/\/www.volkswagen.es\/comunicacion\/wp-json\/wp\/v2\/categories?post=25889"},{"taxonomy":"post_tag","embeddable":true,"href":"https:\/\/www.volkswagen.es\/comunicacion\/wp-json\/wp\/v2\/tags?post=25889"}],"curies":[{"name":"wp","href":"https:\/\/api.w.org\/{rel}","templated":true}]}}