{"id":25887,"date":"2020-04-06T00:00:00","date_gmt":"2020-04-06T00:00:00","guid":{"rendered":"https:\/\/www.volkswagen.es\/2020\/04\/06\/volkswagen-navarra-valora-iniciar-el-20-de-abril-el-regreso-gradual-a-la-actividad-productiva\/"},"modified":"2021-11-19T18:30:44","modified_gmt":"2021-11-19T18:30:44","slug":"volkswagen-navarra-valora-iniciar-el-20-de-abril-el-regreso-gradual-a-la-actividad-productiva","status":"publish","type":"post","link":"https:\/\/www.volkswagen.es\/comunicacion\/volkswagen-navarra-valora-iniciar-el-20-de-abril-el-regreso-gradual-a-la-actividad-productiva\/","title":{"rendered":"Volkswagen Navarra valora iniciar el 20 de abril el regreso gradual a la actividad productiva"},"content":{"rendered":"<p align=\"justify\">En cualquier caso, el comit\u00e9 ejecutivo de Volkswagen Navarra parte de dos premisas irrenunciables:<\/p>\n<p align=\"justify\">-Mantener como prioritarios el cuidado de la salud de todos los trabajadores y la defensa de la seguridad laboral. Con este objetivo, la f\u00e1brica est\u00e1 llevando a cabo las gestiones oportunas para disponer de todos los Equipos de Protecci\u00f3n Individual (EPI), as\u00ed como el estudio de las medidas organizativas necesarias en el momento del arranque.<\/p>\n<p align=\"justify\">-Ejercer la responsabilidad social que como empresa tiene Volkswagen Navarra para, con su vuelta progresiva a la actividad laboral, y en consecuencia la de otras muchas empresas proveedoras, ser generadora de empleo y riqueza para aminorar, en la medida de lo posible, el impacto econ\u00f3mico que esta crisis sanitaria va a dejar en nuestra sociedad.<\/p>\n<p align=\"justify\">En este sentido, la direcci\u00f3n de Volkswagen Navarra ha iniciado hoy una ronda de reuniones con la representaci\u00f3n de los trabajadores para consensuar las condiciones del regreso gradual a la actividad productiva. Tan pronto como la decisi\u00f3n de reanudar la actividad se haya acordado, la empresa se pondr\u00e1 en contacto con la plantilla para informar con antelaci\u00f3n suficiente de todos los pormenores.<\/p>\n<p >\n","protected":false},"excerpt":{"rendered":"La empresa estudia esta opci\u00f3n siempre y cuando se den las condiciones legislativas que avalen la decisi\u00f3n y la disponibilidad de la cadena de suministro de la f\u00e1brica, tanto nacional como internacionalPamplona, 6 de abril","protected":false},"author":1,"featured_media":0,"comment_status":"open","ping_status":"open","sticky":false,"template":"","format":"standard","meta":{"_acf_changed":false,"ep_exclude_from_search":false,"footnotes":""},"categories":[303],"tags":[],"class_list":["post-25887","post","type-post","status-publish","format-standard","hentry","category-vw-navarra"],"acf":[],"_links":{"self":[{"href":"https:\/\/www.volkswagen.es\/comunicacion\/wp-json\/wp\/v2\/posts\/25887","targetHints":{"allow":["GET"]}}],"collection":[{"href":"https:\/\/www.volkswagen.es\/comunicacion\/wp-json\/wp\/v2\/posts"}],"about":[{"href":"https:\/\/www.volkswagen.es\/comunicacion\/wp-json\/wp\/v2\/types\/post"}],"author":[{"embeddable":true,"href":"https:\/\/www.volkswagen.es\/comunicacion\/wp-json\/wp\/v2\/users\/1"}],"replies":[{"embeddable":true,"href":"https:\/\/www.volkswagen.es\/comunicacion\/wp-json\/wp\/v2\/comments?post=25887"}],"version-history":[{"count":4,"href":"https:\/\/www.volkswagen.es\/comunicacion\/wp-json\/wp\/v2\/posts\/25887\/revisions"}],"predecessor-version":[{"id":52324,"href":"https:\/\/www.volkswagen.es\/comunicacion\/wp-json\/wp\/v2\/posts\/25887\/revisions\/52324"}],"wp:attachment":[{"href":"https:\/\/www.volkswagen.es\/comunicacion\/wp-json\/wp\/v2\/media?parent=25887"}],"wp:term":[{"taxonomy":"category","embeddable":true,"href":"https:\/\/www.volkswagen.es\/comunicacion\/wp-json\/wp\/v2\/categories?post=25887"},{"taxonomy":"post_tag","embeddable":true,"href":"https:\/\/www.volkswagen.es\/comunicacion\/wp-json\/wp\/v2\/tags?post=25887"}],"curies":[{"name":"wp","href":"https:\/\/api.w.org\/{rel}","templated":true}]}}