{"id":25877,"date":"2020-03-25T00:00:00","date_gmt":"2020-03-25T00:00:00","guid":{"rendered":"https:\/\/www.volkswagen.es\/2020\/03\/25\/volkswagen-navarra-logra-un-beneficio-de-78-millones-de-euros-en-2019\/"},"modified":"2021-11-19T18:36:43","modified_gmt":"2021-11-19T18:36:43","slug":"volkswagen-navarra-logra-un-beneficio-de-78-millones-de-euros-en-2019","status":"publish","type":"post","link":"https:\/\/www.volkswagen.es\/comunicacion\/volkswagen-navarra-logra-un-beneficio-de-78-millones-de-euros-en-2019\/","title":{"rendered":"Volkswagen Navarra logra un beneficio de 78 millones de euros en 2019"},"content":{"rendered":"<p >Las inversiones alcanzaron en 2019 los 60,4 millones de euros. De esta cifra, 26,7 se destinaron a la preparaci\u00f3n de la f\u00e1brica para la producci\u00f3n del nuevo Volkswagen T-Cross; 10,5 millones se invirtieron en trabajos relacionados con el lanzamiento en el segundo semestre de 2021 del tercer modelo de la f\u00e1brica; y las labores directamente relacionadas con el Polo supusieron una inversi\u00f3n de 5 millones. Por \u00faltimo, el resto de actuaciones realizadas en la f\u00e1brica sumaron una inversi\u00f3n de 18,2 millones.<\/p>\n<p ><b>Producci\u00f3n y exportaciones<\/b><\/p>\n<p >En 2019, Volkswagen Navarra fue la f\u00e1brica espa\u00f1ola de automoci\u00f3n que m\u00e1s increment\u00f3 su producci\u00f3n (un 17,7% m\u00e1s que en 2018) gracias a los 320.523 coches producidos por una plantilla de 4.867 trabajadores (datos a 31 de diciembre de 2019). El 91% de la producci\u00f3n se destin\u00f3 a la exportaci\u00f3n, con un 9% de la fabricaci\u00f3n dedicada al mercado nacional.<\/p>\n<p >Entre las exportaciones, Alemania fue el primer destino de los Volkswagen Polo y T-Cross fabricados en Pamplona, con un 24,9% de la producci\u00f3n, seguido de Italia, con un 17,7%, y Francia, con un 17,4%; Reino Unido y Pa\u00edses Bajos se situaron en cuarto y quinto lugar, ambos con un 2,8%.<\/p>\n<p ><b>Asegurar la salud y la liquidez<\/b><\/p>\n<p >Ingo Neubert, director de Finanzas de Volkswagen Navarra, califica el resultado de la f\u00e1brica como <a id=\"OLE_LINK1\" name=\"OLE_LINK1\"><\/a>\u00abmuy positivo\u00bb y cree que se debe en gran medida \u00abal excelente trabajo de toda la plantilla, que ha conseguido realizar un exitoso lanzamiento del nuevo Volkswagen T-Cross, hasta el punto de que podemos decir con orgullo que se ha convertido en la nueva referencia para todos los lanzamientos de los futuros modelos de la marca Volkswagen\u00bb.<\/p>\n<p >Para Neubert, \u00abcasi m\u00e1s importante que la cifra de beneficio es la de la liquidez a finales de 2019, que alcanz\u00f3 los 58 millones de euros netos\u00bb.<\/p>\n<p >El director de Finanzas de Volkswagen Navarra advierte que \u00abaunque la f\u00e1brica est\u00e1 cerrada por la pandemia de coronavirus, los costes se mantienen, y en el caso de Volkswagen Navarra hablamos de millones de euros diarios. La mayor parte de esos costes son costes de personal. Para que las empresas puedan seguir haci\u00e9ndoles frente, los gobiernos europeos han aprobado Expedientes de Regulaci\u00f3n Temporal de Empleo (ERTE) por causa de fuerza mayor, que cubren parte de esos gastos de personal, aunque la mayor partida de los mismos la siguen soportando las empresas. Por esto es tan importante la liquidez\u00bb.<\/p>\n<p >\u00abMientras dure el estado de alarma -concluye Neubert- nuestra prioridad es, por lo tanto, asegurar la salud de la plantilla y la liquidez\u00bb.<\/p>\n","protected":false},"excerpt":{"rendered":".Las ventas totales ascendieron a 3.816 millones de euros, el 95% procedente de la venta de coches y el 5% de la venta de carrocer\u00edas, componentes y recambiosLas inversiones alcanzaron en 2019 los 60,4 millones","protected":false},"author":1,"featured_media":25880,"comment_status":"open","ping_status":"open","sticky":false,"template":"","format":"standard","meta":{"_acf_changed":false,"ep_exclude_from_search":false,"footnotes":""},"categories":[303],"tags":[],"class_list":["post-25877","post","type-post","status-publish","format-standard","has-post-thumbnail","hentry","category-vw-navarra"],"acf":[],"_links":{"self":[{"href":"https:\/\/www.volkswagen.es\/comunicacion\/wp-json\/wp\/v2\/posts\/25877","targetHints":{"allow":["GET"]}}],"collection":[{"href":"https:\/\/www.volkswagen.es\/comunicacion\/wp-json\/wp\/v2\/posts"}],"about":[{"href":"https:\/\/www.volkswagen.es\/comunicacion\/wp-json\/wp\/v2\/types\/post"}],"author":[{"embeddable":true,"href":"https:\/\/www.volkswagen.es\/comunicacion\/wp-json\/wp\/v2\/users\/1"}],"replies":[{"embeddable":true,"href":"https:\/\/www.volkswagen.es\/comunicacion\/wp-json\/wp\/v2\/comments?post=25877"}],"version-history":[{"count":4,"href":"https:\/\/www.volkswagen.es\/comunicacion\/wp-json\/wp\/v2\/posts\/25877\/revisions"}],"predecessor-version":[{"id":52330,"href":"https:\/\/www.volkswagen.es\/comunicacion\/wp-json\/wp\/v2\/posts\/25877\/revisions\/52330"}],"wp:featuredmedia":[{"embeddable":true,"href":"https:\/\/www.volkswagen.es\/comunicacion\/wp-json\/wp\/v2\/media\/25880"}],"wp:attachment":[{"href":"https:\/\/www.volkswagen.es\/comunicacion\/wp-json\/wp\/v2\/media?parent=25877"}],"wp:term":[{"taxonomy":"category","embeddable":true,"href":"https:\/\/www.volkswagen.es\/comunicacion\/wp-json\/wp\/v2\/categories?post=25877"},{"taxonomy":"post_tag","embeddable":true,"href":"https:\/\/www.volkswagen.es\/comunicacion\/wp-json\/wp\/v2\/tags?post=25877"}],"curies":[{"name":"wp","href":"https:\/\/api.w.org\/{rel}","templated":true}]}}