{"id":25873,"date":"2020-03-23T00:00:00","date_gmt":"2020-03-23T00:00:00","guid":{"rendered":"https:\/\/www.volkswagen.es\/2020\/03\/23\/juntos-tambien-en-este-viaje\/"},"modified":"2020-03-23T00:00:00","modified_gmt":"2020-03-23T00:00:00","slug":"juntos-tambien-en-este-viaje","status":"publish","type":"post","link":"https:\/\/www.volkswagen.es\/comunicacion\/juntos-tambien-en-este-viaje\/","title":{"rendered":"#JUNTOS TAMBI\u00c9N EN ESTE VIAJE"},"content":{"rendered":"<p >Es por ello que Volkswagen pone a disposici\u00f3n de este esfuerzo colectivo los recursos humanos y materiales disponibles. Y la mejor forma de contribuir es proporcionando movilidad. Queremos ayudar a facilitar la movilidad a uno de los colectivos que m\u00e1s lo necesita en este momento: el personal sanitario.<\/p>\n<\/p>\n<p >Siguiendo con nuestra iniciativa <b>#Juntos tambi\u00e9n en este viaje<\/b>, queremos que nuestra flota sea vuestra flota. Ya hemos empezado a ceder veh\u00edculos Volkswagen al personal sanitario. Hemos iniciado cesiones a profesionales del Hospital de la Paz o del Hospital Universitario de La Zarzuela que ten\u00edan especiales dificultades para poder llegar a sus lugares de trabajo. Ya estamos en contacto con otros profesionales de otros hospitales para ceder m\u00e1s veh\u00edculos lo antes posible. Y lo seguiremos haciendo con todos los recursos que tengamos disponibles.<\/p>\n<\/p>\n<p >A trav\u00e9s de nuestras redes sociales seguiremos escuchando y detectando vuestras necesidades para dar la mejor respuesta posible. Desde casa, con los concesionarios cerrados y las l\u00f3gicas limitaciones de movilidad, nuestros recursos est\u00e1n mermados. Pero, en estos momentos dif\u00edciles, no vamos a desperdiciar ni un gramo de energ\u00eda. Las ganas de ayudar son inmensas.<\/p>\n<\/p>\n<p >\u00a1Nuestra flota es vuestra flota!<\/p>\n<p><b>\u00a0<span >#Juntos tambi\u00e9n en este viaje<\/span><\/b><\/p>\n","protected":false},"excerpt":{"rendered":".Estamos viviendo momentos muy dif\u00edciles frente a un enemigo com\u00fan, el virus COVID-19. Es una batalla global sin precedentes, que ha llevado a ciudadanos, instituciones y empresas a estar unidos como tal vez no lo","protected":false},"author":1,"featured_media":25876,"comment_status":"open","ping_status":"open","sticky":false,"template":"","format":"standard","meta":{"_acf_changed":false,"ep_exclude_from_search":false,"footnotes":""},"categories":[279],"tags":[],"class_list":["post-25873","post","type-post","status-publish","format-standard","has-post-thumbnail","hentry","category-corporativo"],"acf":[],"_links":{"self":[{"href":"https:\/\/www.volkswagen.es\/comunicacion\/wp-json\/wp\/v2\/posts\/25873","targetHints":{"allow":["GET"]}}],"collection":[{"href":"https:\/\/www.volkswagen.es\/comunicacion\/wp-json\/wp\/v2\/posts"}],"about":[{"href":"https:\/\/www.volkswagen.es\/comunicacion\/wp-json\/wp\/v2\/types\/post"}],"author":[{"embeddable":true,"href":"https:\/\/www.volkswagen.es\/comunicacion\/wp-json\/wp\/v2\/users\/1"}],"replies":[{"embeddable":true,"href":"https:\/\/www.volkswagen.es\/comunicacion\/wp-json\/wp\/v2\/comments?post=25873"}],"version-history":[{"count":0,"href":"https:\/\/www.volkswagen.es\/comunicacion\/wp-json\/wp\/v2\/posts\/25873\/revisions"}],"wp:featuredmedia":[{"embeddable":true,"href":"https:\/\/www.volkswagen.es\/comunicacion\/wp-json\/wp\/v2\/media\/25876"}],"wp:attachment":[{"href":"https:\/\/www.volkswagen.es\/comunicacion\/wp-json\/wp\/v2\/media?parent=25873"}],"wp:term":[{"taxonomy":"category","embeddable":true,"href":"https:\/\/www.volkswagen.es\/comunicacion\/wp-json\/wp\/v2\/categories?post=25873"},{"taxonomy":"post_tag","embeddable":true,"href":"https:\/\/www.volkswagen.es\/comunicacion\/wp-json\/wp\/v2\/tags?post=25873"}],"curies":[{"name":"wp","href":"https:\/\/api.w.org\/{rel}","templated":true}]}}