{"id":25861,"date":"2020-03-11T00:00:00","date_gmt":"2020-03-11T00:00:00","guid":{"rendered":"https:\/\/www.volkswagen.es\/2020\/03\/11\/t-roc-cabrio-libertad-sin-limites\/"},"modified":"2021-02-18T21:22:05","modified_gmt":"2021-02-18T21:22:05","slug":"t-roc-cabrio-libertad-sin-limites","status":"publish","type":"post","link":"https:\/\/www.volkswagen.es\/comunicacion\/t-roc-cabrio-libertad-sin-limites\/","title":{"rendered":"T-ROC CABRIO: LIBERTAD SIN L\u00cdMITES"},"content":{"rendered":"<p ><span >*M\u00e1s informaci\u00f3n en Dossier de prensa<\/span><\/p>\n","protected":false},"excerpt":{"rendered":".\"Dile adi\u00f3s al techo\". El nuevo T-Roc Cabrio combina la robustez de un SUV y la agradable experiencia de conducir un coche descapotableLa ofensiva de los SUV est\u00e1 en marcha. Con el T-Roc Cabrio, Volkswagen","protected":false},"author":1,"featured_media":25862,"comment_status":"open","ping_status":"open","sticky":false,"template":"","format":"standard","meta":{"_acf_changed":false,"ep_exclude_from_search":false,"footnotes":""},"categories":[222],"tags":[],"class_list":["post-25861","post","type-post","status-publish","format-standard","has-post-thumbnail","hentry","category-t-roc-cabrio"],"acf":[],"_links":{"self":[{"href":"https:\/\/www.volkswagen.es\/comunicacion\/wp-json\/wp\/v2\/posts\/25861","targetHints":{"allow":["GET"]}}],"collection":[{"href":"https:\/\/www.volkswagen.es\/comunicacion\/wp-json\/wp\/v2\/posts"}],"about":[{"href":"https:\/\/www.volkswagen.es\/comunicacion\/wp-json\/wp\/v2\/types\/post"}],"author":[{"embeddable":true,"href":"https:\/\/www.volkswagen.es\/comunicacion\/wp-json\/wp\/v2\/users\/1"}],"replies":[{"embeddable":true,"href":"https:\/\/www.volkswagen.es\/comunicacion\/wp-json\/wp\/v2\/comments?post=25861"}],"version-history":[{"count":1,"href":"https:\/\/www.volkswagen.es\/comunicacion\/wp-json\/wp\/v2\/posts\/25861\/revisions"}],"predecessor-version":[{"id":48121,"href":"https:\/\/www.volkswagen.es\/comunicacion\/wp-json\/wp\/v2\/posts\/25861\/revisions\/48121"}],"wp:featuredmedia":[{"embeddable":true,"href":"https:\/\/www.volkswagen.es\/comunicacion\/wp-json\/wp\/v2\/media\/25862"}],"wp:attachment":[{"href":"https:\/\/www.volkswagen.es\/comunicacion\/wp-json\/wp\/v2\/media?parent=25861"}],"wp:term":[{"taxonomy":"category","embeddable":true,"href":"https:\/\/www.volkswagen.es\/comunicacion\/wp-json\/wp\/v2\/categories?post=25861"},{"taxonomy":"post_tag","embeddable":true,"href":"https:\/\/www.volkswagen.es\/comunicacion\/wp-json\/wp\/v2\/tags?post=25861"}],"curies":[{"name":"wp","href":"https:\/\/api.w.org\/{rel}","templated":true}]}}