{"id":25849,"date":"2020-03-05T00:00:00","date_gmt":"2020-03-05T00:00:00","guid":{"rendered":"https:\/\/www.volkswagen.es\/2020\/03\/05\/ella-es-la-nueva-voz-de-volkswagen\/"},"modified":"2020-03-05T00:00:00","modified_gmt":"2020-03-05T00:00:00","slug":"ella-es-la-nueva-voz-de-volkswagen","status":"publish","type":"post","link":"https:\/\/www.volkswagen.es\/comunicacion\/ella-es-la-nueva-voz-de-volkswagen\/","title":{"rendered":"ELLA ES LA NUEVA VOZ DE VOLKSWAGEN"},"content":{"rendered":"<p >La b\u00fasqueda de la voz fue un largo proceso en el que Luise fue la clara ganadora. Explica Simon Bauer, perteneciente al \u00e1rea de Marketing de Volkswagen que \u00abLa decisi\u00f3n del equipo fue un\u00e1nime. Su voz encajaba perfectamente con Volkswagen, y le confiere una gran personalidad. Una vez que la has escuchado, permanece en tu cabeza\u00bb.<\/p>\n<\/p>\n<p >Desde ni\u00f1a, Luise Helm pasaba horas en el estudio de doblaje con su padre, y en la adolescencia particip\u00f3 en el reparto de algunas series y pel\u00edculas en Alemania. Como actriz de doblaje, Luise ha puesto voz a estrellas de Hollywood como Scarlett Johansson o Megan Fox.<\/p>\n<\/p>\n<p >Para Luise ha sido apasionante formar parte de este cambio en Volkswagen, intentando con su voz atrapar la imaginaci\u00f3n de clientes y empleados para inspirarlos. \u00abCreo que es una gran decisi\u00f3n que Volkswagen haya decidido tener una voz femenina. Durante mucho tiempo se ha asociado a las marcas de autom\u00f3viles con voces masculinas, pero esto es algo que est\u00e1 cambiando, y esta nueva voz en Volkswagen es un ejemplo. \u00ab<\/p>\n<\/p>\n<p >La grabaci\u00f3n de ese ya reconocible \u00abVolkswagen\u00bb que pone voz a la marca no fue sencillo, y llev\u00f3 aproximadamente 90 minutos conseguir lo que el equipo estaba buscando. <\/p>\n","protected":false},"excerpt":{"rendered":"Hace unos meses, Volkswagen present\u00f3 una nueva imagen de marca que representa el comienzo de la nueva era marcada por un futuro el\u00e9ctrico, totalmente conectado y con un balance de carbono neutral. Pero no se","protected":false},"author":1,"featured_media":25854,"comment_status":"open","ping_status":"open","sticky":false,"template":"","format":"standard","meta":{"_acf_changed":false,"ep_exclude_from_search":false,"footnotes":""},"categories":[286],"tags":[],"class_list":["post-25849","post","type-post","status-publish","format-standard","has-post-thumbnail","hentry","category-publicidad-y-galardones"],"acf":[],"_links":{"self":[{"href":"https:\/\/www.volkswagen.es\/comunicacion\/wp-json\/wp\/v2\/posts\/25849","targetHints":{"allow":["GET"]}}],"collection":[{"href":"https:\/\/www.volkswagen.es\/comunicacion\/wp-json\/wp\/v2\/posts"}],"about":[{"href":"https:\/\/www.volkswagen.es\/comunicacion\/wp-json\/wp\/v2\/types\/post"}],"author":[{"embeddable":true,"href":"https:\/\/www.volkswagen.es\/comunicacion\/wp-json\/wp\/v2\/users\/1"}],"replies":[{"embeddable":true,"href":"https:\/\/www.volkswagen.es\/comunicacion\/wp-json\/wp\/v2\/comments?post=25849"}],"version-history":[{"count":0,"href":"https:\/\/www.volkswagen.es\/comunicacion\/wp-json\/wp\/v2\/posts\/25849\/revisions"}],"wp:featuredmedia":[{"embeddable":true,"href":"https:\/\/www.volkswagen.es\/comunicacion\/wp-json\/wp\/v2\/media\/25854"}],"wp:attachment":[{"href":"https:\/\/www.volkswagen.es\/comunicacion\/wp-json\/wp\/v2\/media?parent=25849"}],"wp:term":[{"taxonomy":"category","embeddable":true,"href":"https:\/\/www.volkswagen.es\/comunicacion\/wp-json\/wp\/v2\/categories?post=25849"},{"taxonomy":"post_tag","embeddable":true,"href":"https:\/\/www.volkswagen.es\/comunicacion\/wp-json\/wp\/v2\/tags?post=25849"}],"curies":[{"name":"wp","href":"https:\/\/api.w.org\/{rel}","templated":true}]}}