{"id":25828,"date":"2020-02-20T00:00:00","date_gmt":"2020-02-20T00:00:00","guid":{"rendered":"https:\/\/www.volkswagen.es\/2020\/02\/20\/la-octava-generacion-de-un-icono-presentacion-mundial-del-nuevo-golf-gti-en-ginebra\/"},"modified":"2021-02-18T21:18:12","modified_gmt":"2021-02-18T21:18:12","slug":"la-octava-generacion-de-un-icono-presentacion-mundial-del-nuevo-golf-gti-en-ginebra","status":"publish","type":"post","link":"https:\/\/www.volkswagen.es\/comunicacion\/la-octava-generacion-de-un-icono-presentacion-mundial-del-nuevo-golf-gti-en-ginebra\/","title":{"rendered":"La octava generaci\u00f3n de un icono: Presentaci\u00f3n mundial del nuevo Golf GTI en Ginebra"},"content":{"rendered":"<p><span>El secreto del \u00e9xito del GTI<\/span><span >1)<\/span>\u00a0es que su ADN no ha cambiado. Mantiene un dise\u00f1o claro, tracci\u00f3n delantera, el tren de rodaje m\u00e1s \u00e1gil, un potente motor de gasolina, elementos distintivos como la banda roja en la parrilla del radiador, y su exclusiva tapicer\u00eda a cuadros. Pero el Golf GTI tambi\u00e9n se ha convertido en un icono porque Volkswagen lo ha ido reinventando aunando tradici\u00f3n e innovaci\u00f3n. Y eso ha vuelto a suceder en 2020. Volkswagen ha digitalizado y conectado el nuevo Golf GTI, catapult\u00e1ndolo al futuro con una multitud de sistemas de asistencia inteligente y un dise\u00f1o potente y elegante.<\/p>\n<p><span> <\/span><\/p>\n<p><span>El nuevo Golf GTI es uno de los primeros compactos deportivos que se comunica a trav\u00e9s de tecnolog\u00eda Car2X con otros veh\u00edculos, llevando la seguridad a un nuevo nivel. Como primer coche deportivo de su clase, el Golf GTI puede ser conducido con el Travel Assist a una velocidad de hasta 210 km\/h. Es la primera generaci\u00f3n de Golf GTI con un interior completamente digitalizado formado por pantallas y controles. La nueva generaci\u00f3n tambi\u00e9n tiene tanto la banda roja en la parrilla del radiador como una banda de luces LED opcional integrada con las luces diurnas.<\/span><\/p>\n<p><span> <\/span><\/p>\n<p><span>La entrega de potencia del motor turbo del GTI supera las expectativas. Lo mismo se puede decir de su tren de rodaje, que puede ser configurado de manera precisa junto a la nueva generaci\u00f3n de DDC (control de suspensi\u00f3n adaptativa). Algunas cosas han permanecido iguales, como los habituales asientos a cuadros. Una vez m\u00e1s, se ha desvelado la esencia del compacto deportivo &#8211; y har\u00e1 su debut en Ginebra.<\/span><\/p>\n<p><span> <\/span><\/p>\n<p><font size=\"1\"><sup><span>1)<\/span><\/sup> Prototipo cercano a la producci\u00f3n<\/font><\/p>\n","protected":false},"excerpt":{"rendered":"Dise\u00f1o GTI: Parachoques delantero abierto con alerones GTI y rejilla de nido de abeja, con embellecedor iluminado opcional en la parrilla del radiador, difusor GTI con tubos de escape a la izquierda y a la","protected":false},"author":1,"featured_media":25831,"comment_status":"open","ping_status":"open","sticky":false,"template":"","format":"standard","meta":{"_acf_changed":false,"ep_exclude_from_search":false,"footnotes":""},"categories":[217],"tags":[],"class_list":["post-25828","post","type-post","status-publish","format-standard","has-post-thumbnail","hentry","category-golf-gti"],"acf":[],"_links":{"self":[{"href":"https:\/\/www.volkswagen.es\/comunicacion\/wp-json\/wp\/v2\/posts\/25828","targetHints":{"allow":["GET"]}}],"collection":[{"href":"https:\/\/www.volkswagen.es\/comunicacion\/wp-json\/wp\/v2\/posts"}],"about":[{"href":"https:\/\/www.volkswagen.es\/comunicacion\/wp-json\/wp\/v2\/types\/post"}],"author":[{"embeddable":true,"href":"https:\/\/www.volkswagen.es\/comunicacion\/wp-json\/wp\/v2\/users\/1"}],"replies":[{"embeddable":true,"href":"https:\/\/www.volkswagen.es\/comunicacion\/wp-json\/wp\/v2\/comments?post=25828"}],"version-history":[{"count":1,"href":"https:\/\/www.volkswagen.es\/comunicacion\/wp-json\/wp\/v2\/posts\/25828\/revisions"}],"predecessor-version":[{"id":48120,"href":"https:\/\/www.volkswagen.es\/comunicacion\/wp-json\/wp\/v2\/posts\/25828\/revisions\/48120"}],"wp:featuredmedia":[{"embeddable":true,"href":"https:\/\/www.volkswagen.es\/comunicacion\/wp-json\/wp\/v2\/media\/25831"}],"wp:attachment":[{"href":"https:\/\/www.volkswagen.es\/comunicacion\/wp-json\/wp\/v2\/media?parent=25828"}],"wp:term":[{"taxonomy":"category","embeddable":true,"href":"https:\/\/www.volkswagen.es\/comunicacion\/wp-json\/wp\/v2\/categories?post=25828"},{"taxonomy":"post_tag","embeddable":true,"href":"https:\/\/www.volkswagen.es\/comunicacion\/wp-json\/wp\/v2\/tags?post=25828"}],"curies":[{"name":"wp","href":"https:\/\/api.w.org\/{rel}","templated":true}]}}