{"id":25825,"date":"2020-02-17T00:00:00","date_gmt":"2020-02-17T00:00:00","guid":{"rendered":"https:\/\/www.volkswagen.es\/2020\/02\/17\/nuevo-t-roc-cabrio-llega-el-suv-compacto-descapotable-de-volkswagen\/"},"modified":"2021-03-25T09:33:42","modified_gmt":"2021-03-25T09:33:42","slug":"nuevo-t-roc-cabrio-llega-el-suv-compacto-descapotable-de-volkswagen","status":"publish","type":"post","link":"https:\/\/www.volkswagen.es\/comunicacion\/nuevo-t-roc-cabrio-llega-el-suv-compacto-descapotable-de-volkswagen\/","title":{"rendered":"NUEVO T-ROC CABRIO: LLEGA EL SUV COMPACTO DESCAPOTABLE DE VOLKSWAGEN"},"content":{"rendered":"<p >El dise\u00f1o exterior del SUV compacto descapotable de Volkswagen, extrovertido y emocional, atrae todas las miradas. El elemento m\u00e1s inmediatamente identificable es la capota de lona abatible, que con tan solo nueve segundos ofrece a los ocupantes la posibilidad de conducir a cielo abierto, y que se puede abrir a velocidades de hasta 30 km\/h. La carrocer\u00eda conserva el dise\u00f1o robusto y deportivo de la gama T-Roc, pero presenta un aspecto renovado: sus dos puertas le confieren un estilo propio de un coup\u00e9, con una silueta especialmente atractiva y diferenciada del resto de modelos. El T-Roc Cabrio se ofrece con llantas de aleaci\u00f3n \u00abMayfield\u00bb de 17 pulgadas de serie con el acabado Style, o con llantas \u00abGrange Hill\u00bb de color negro de 18 pulgadas con el acabado R-Line.<\/p>\n<\/p>\n<p >El interior de la variante descapotable conserva el dise\u00f1o moderno y rompedor del T-Roc, e incluye la posibilidad de personalizarlo con inserciones de distintos colores. Sus cuatro plazas hacen que el interior sea especialmente espacioso, permitiendo a sus ocupantes disfrutar de viajes c\u00f3modos y agradables, tanto a techo descubierto como con la capota cerrada. Adem\u00e1s, el T-Roc Cabrio equipa la \u00faltima generaci\u00f3n de sistemas de infoentretenimiento basados en la plataforma modular MIB3. El veh\u00edculo est\u00e1 siempre conectado gracias a la eSIM integrada en la unidad de control (OCU), que permite el acceso a un mayor n\u00famero de funciones dentro del ecosistema digital \u00abWe\u00bb de Volkswagen. Entre otros, el T-Roc Cabrio dispondr\u00e1 del nuevo sistema AppConnect inal\u00e1mbrico, que permite al conductor conectar sus dispositivos al sistema de infoentretenimiento nada m\u00e1s entrar en el veh\u00edculo, sin necesidad de cables. El acabado superior R-Line cuenta adem\u00e1s con una interfaz para smartphones con carga inal\u00e1mbrica de serie.<\/p>\n<\/p>\n<p >El nuevo T-Roc Cabrio se ofrece con dos niveles de acabado, Style y R-Line. El Acabado Style est\u00e1 orientado al dise\u00f1o y a la funcionalidad. Adem\u00e1s de sistemas de seguridad y asistencia de vanguardia, como el asistente de mantenimiento de carril Lane Assist, el control de crucero adaptativo (ACC) con funci\u00f3n Stop&amp;Go (con DSG) o la funci\u00f3n Pre-Crash, el veh\u00edculo incorpora distintos equipamientos que hacen que la conducci\u00f3n sea extremadamente c\u00f3moda. El sistema Climatronic bizona, el sistema de navegaci\u00f3n Discover Media y los retrovisores abatibles el\u00e9ctricamente garantizan una experiencia pr\u00e1ctica y agradable. Por su parte, el acabado R-Line completa el equipamiento de serie con un look especialmente deportivo, con paquete deportivo R-Line interior y exterior, elementos exteriores en acabado negro brillante, y sistemas de segmentos superiores, como faros delanteros LED, Digital Cockpit, selector de modos de conducci\u00f3n, c\u00e1mara de visi\u00f3n trasera, Park Assist y sistema de entrada y arranque sin llave \u00abKeyless Access\u00bb.<\/p>\n<\/p>\n<p >El nuevo descapotable de Volkswagen est\u00e1 disponible con dos motores de gasolina: el 1.0 TSI de 85 kW (115 CV), solo disponible con el acabado Style, se combina con cambio manual de 6 velocidades; el 1.5 TSI de 110 KW (150 CV) se ofrece con cambio manual de 6 velocidades o DSG de 7 velocidades.<\/p>\n<\/p>\n<p >La versi\u00f3n de entrada, con acabado Style y motor 1.0 TSI de 85 kW (115 CV), est\u00e1 disponible a partir de 27.750\u20ac, descuentos y campa\u00f1as incluidos.<\/p><\/p>\n","protected":false},"excerpt":{"rendered":"La versi\u00f3n descapotable se incorpora a la familia T-Roc dos a\u00f1os despu\u00e9s de su lanzamiento y tras 360.000 unidades vendidasEl T-Roc de dos puertas combina el dise\u00f1o deportivo y robusto de la gama de modelos","protected":false},"author":1,"featured_media":25827,"comment_status":"open","ping_status":"open","sticky":false,"template":"","format":"standard","meta":{"_acf_changed":false,"ep_exclude_from_search":false,"footnotes":""},"categories":[222],"tags":[],"class_list":["post-25825","post","type-post","status-publish","format-standard","has-post-thumbnail","hentry","category-t-roc-cabrio"],"acf":[],"_links":{"self":[{"href":"https:\/\/www.volkswagen.es\/comunicacion\/wp-json\/wp\/v2\/posts\/25825","targetHints":{"allow":["GET"]}}],"collection":[{"href":"https:\/\/www.volkswagen.es\/comunicacion\/wp-json\/wp\/v2\/posts"}],"about":[{"href":"https:\/\/www.volkswagen.es\/comunicacion\/wp-json\/wp\/v2\/types\/post"}],"author":[{"embeddable":true,"href":"https:\/\/www.volkswagen.es\/comunicacion\/wp-json\/wp\/v2\/users\/1"}],"replies":[{"embeddable":true,"href":"https:\/\/www.volkswagen.es\/comunicacion\/wp-json\/wp\/v2\/comments?post=25825"}],"version-history":[{"count":1,"href":"https:\/\/www.volkswagen.es\/comunicacion\/wp-json\/wp\/v2\/posts\/25825\/revisions"}],"predecessor-version":[{"id":26151,"href":"https:\/\/www.volkswagen.es\/comunicacion\/wp-json\/wp\/v2\/posts\/25825\/revisions\/26151"}],"wp:featuredmedia":[{"embeddable":true,"href":"https:\/\/www.volkswagen.es\/comunicacion\/wp-json\/wp\/v2\/media\/25827"}],"wp:attachment":[{"href":"https:\/\/www.volkswagen.es\/comunicacion\/wp-json\/wp\/v2\/media?parent=25825"}],"wp:term":[{"taxonomy":"category","embeddable":true,"href":"https:\/\/www.volkswagen.es\/comunicacion\/wp-json\/wp\/v2\/categories?post=25825"},{"taxonomy":"post_tag","embeddable":true,"href":"https:\/\/www.volkswagen.es\/comunicacion\/wp-json\/wp\/v2\/tags?post=25825"}],"curies":[{"name":"wp","href":"https:\/\/api.w.org\/{rel}","templated":true}]}}