{"id":25819,"date":"2020-02-03T00:00:00","date_gmt":"2020-02-03T00:00:00","guid":{"rendered":"https:\/\/www.volkswagen.es\/2020\/02\/03\/como-se-asegura-volkswagen-navarra-de-que-los-coches-siguen-perfectos-con-el-paso-de-los-anos\/"},"modified":"2021-11-19T18:37:27","modified_gmt":"2021-11-19T18:37:27","slug":"como-se-asegura-volkswagen-navarra-de-que-los-coches-siguen-perfectos-con-el-paso-de-los-anos","status":"publish","type":"post","link":"https:\/\/www.volkswagen.es\/comunicacion\/como-se-asegura-volkswagen-navarra-de-que-los-coches-siguen-perfectos-con-el-paso-de-los-anos\/","title":{"rendered":"\u00bfC\u00f3mo se asegura Volkswagen Navarra de que los coches siguen perfectos con el paso de los a\u00f1os?"},"content":{"rendered":"<p >En este laboratorio se analizan tanto las piezas propias como las de los diferentes proveedores, y se realizan ensayos f\u00edsicos y qu\u00edmicos que simulan temperaturas extremas, diferentes condiciones de humedad, radiaci\u00f3n solar, nieblas salinas y desgastes por abrasi\u00f3n.<\/p>\n<p >Como complemento a estas pruebas realizadas sobre piezas en la propia f\u00e1brica de Navarra, tambi\u00e9n se pone a prueba el veh\u00edculo completo. Para ello, se trasladan veh\u00edculos a zonas remotas del planeta donde las condiciones climatol\u00f3gicas son muy extremas y se dejan a la intemperie durante dos a\u00f1os. De esta manera, los expertos de Volkswagen Navarra pueden comprobar c\u00f3mo afectar\u00e1 el clima a los veh\u00edculos a lo largo de su vida.<\/p>\n<p >Todo con el objetivo de asegurar que, con el paso de los a\u00f1os, los T-Cross y Polo de la f\u00e1brica de Navarra se mantienen en perfecto estado. Nos lo cuenta Xabier Romero, jefe del Laboratorio de Materiales en Volkswagen Navarra.<\/p>\n","protected":false},"excerpt":{"rendered":"Cuando se fabrica un veh\u00edculo, no se trata solo de que salga impecable de la l\u00ednea de producci\u00f3n, sino de que, con el paso de los a\u00f1os, se mantenga perfecto. Para asegurarse de ello, Volkswagen","protected":false},"author":1,"featured_media":25821,"comment_status":"open","ping_status":"open","sticky":false,"template":"","format":"standard","meta":{"_acf_changed":false,"ep_exclude_from_search":false,"footnotes":""},"categories":[303],"tags":[],"class_list":["post-25819","post","type-post","status-publish","format-standard","has-post-thumbnail","hentry","category-vw-navarra"],"acf":[],"_links":{"self":[{"href":"https:\/\/www.volkswagen.es\/comunicacion\/wp-json\/wp\/v2\/posts\/25819","targetHints":{"allow":["GET"]}}],"collection":[{"href":"https:\/\/www.volkswagen.es\/comunicacion\/wp-json\/wp\/v2\/posts"}],"about":[{"href":"https:\/\/www.volkswagen.es\/comunicacion\/wp-json\/wp\/v2\/types\/post"}],"author":[{"embeddable":true,"href":"https:\/\/www.volkswagen.es\/comunicacion\/wp-json\/wp\/v2\/users\/1"}],"replies":[{"embeddable":true,"href":"https:\/\/www.volkswagen.es\/comunicacion\/wp-json\/wp\/v2\/comments?post=25819"}],"version-history":[{"count":3,"href":"https:\/\/www.volkswagen.es\/comunicacion\/wp-json\/wp\/v2\/posts\/25819\/revisions"}],"predecessor-version":[{"id":52331,"href":"https:\/\/www.volkswagen.es\/comunicacion\/wp-json\/wp\/v2\/posts\/25819\/revisions\/52331"}],"wp:featuredmedia":[{"embeddable":true,"href":"https:\/\/www.volkswagen.es\/comunicacion\/wp-json\/wp\/v2\/media\/25821"}],"wp:attachment":[{"href":"https:\/\/www.volkswagen.es\/comunicacion\/wp-json\/wp\/v2\/media?parent=25819"}],"wp:term":[{"taxonomy":"category","embeddable":true,"href":"https:\/\/www.volkswagen.es\/comunicacion\/wp-json\/wp\/v2\/categories?post=25819"},{"taxonomy":"post_tag","embeddable":true,"href":"https:\/\/www.volkswagen.es\/comunicacion\/wp-json\/wp\/v2\/tags?post=25819"}],"curies":[{"name":"wp","href":"https:\/\/api.w.org\/{rel}","templated":true}]}}