{"id":25815,"date":"2020-01-22T00:00:00","date_gmt":"2020-01-22T00:00:00","guid":{"rendered":"https:\/\/www.volkswagen.es\/2020\/01\/22\/volkswagen-aumenta-el-uso-de-energia-verde-en-sus-plantas\/"},"modified":"2020-01-22T00:00:00","modified_gmt":"2020-01-22T00:00:00","slug":"volkswagen-aumenta-el-uso-de-energia-verde-en-sus-plantas","status":"publish","type":"post","link":"https:\/\/www.volkswagen.es\/comunicacion\/volkswagen-aumenta-el-uso-de-energia-verde-en-sus-plantas\/","title":{"rendered":"VOLKSWAGEN AUMENTA EL USO DE ENERG\u00cdA VERDE EN SUS PLANTAS"},"content":{"rendered":"<p ><span>El suministro de energ\u00eda externo en las 16 plantas de la marca Volkswagen en todo el mundo*, ya proviene en un 70 % de energ\u00eda verde procedente de fuentes renovables. La compa\u00f1\u00eda ha decidido aumentar ahora esta cifra al 90% en tan solo un a\u00f1o.<\/span> <\/p>\n<p ><span>Adem\u00e1s, Volkswagen est\u00e1 realizando el cambio a gas en las plantas que generan su propia energ\u00eda internamente. Por ejemplo, el suministro de energ\u00eda para la producci\u00f3n en Wolfsburg, est\u00e1 actualmente en proceso de cambio hacia plantas de ciclos combinados de gas natural (CCGT) altamente eficientes, previstas para 2022. Estas funcionan en modo de cogeneraci\u00f3n: de esta forma, las emisiones de CO2 que se derivan de la generaci\u00f3n de electricidad y calor se reducir\u00e1n en un 60%, o alrededor de 1,5 millones de toneladas al a\u00f1o. Eso equivale a las emisiones generadas por cerca de 870.000 coches. El primero de los componentes necesarios para lograrlo se entreg\u00f3 el fin de semana pasado. Con estas centrales de energ\u00eda, Volkswagen est\u00e1 realizando una contribuci\u00f3n a largo plazo a la estabilidad de la red nacional y al sistema de energ\u00eda en Alemania.<\/span><\/p>\n<p><span> <\/span><\/p>\n<p >*Excluyendo China<\/p><\/p>\n","protected":false},"excerpt":{"rendered":"La marca Volkswagen tiene como objetivo aumentar a\u00fan m\u00e1s el suministro de energ\u00eda externo con electricidad proveniente de fuentes renovablesAndreas Tostmann, responsable de Producci\u00f3n del Comit\u00e9 Ejecutivo de la marca Volkswagen: \"Queremos incrementar el uso","protected":false},"author":1,"featured_media":25818,"comment_status":"open","ping_status":"open","sticky":false,"template":"","format":"standard","meta":{"_acf_changed":false,"ep_exclude_from_search":false,"footnotes":""},"categories":[282],"tags":[],"class_list":["post-25815","post","type-post","status-publish","format-standard","has-post-thumbnail","hentry","category-fabricas-e-instalaciones"],"acf":[],"_links":{"self":[{"href":"https:\/\/www.volkswagen.es\/comunicacion\/wp-json\/wp\/v2\/posts\/25815","targetHints":{"allow":["GET"]}}],"collection":[{"href":"https:\/\/www.volkswagen.es\/comunicacion\/wp-json\/wp\/v2\/posts"}],"about":[{"href":"https:\/\/www.volkswagen.es\/comunicacion\/wp-json\/wp\/v2\/types\/post"}],"author":[{"embeddable":true,"href":"https:\/\/www.volkswagen.es\/comunicacion\/wp-json\/wp\/v2\/users\/1"}],"replies":[{"embeddable":true,"href":"https:\/\/www.volkswagen.es\/comunicacion\/wp-json\/wp\/v2\/comments?post=25815"}],"version-history":[{"count":0,"href":"https:\/\/www.volkswagen.es\/comunicacion\/wp-json\/wp\/v2\/posts\/25815\/revisions"}],"wp:featuredmedia":[{"embeddable":true,"href":"https:\/\/www.volkswagen.es\/comunicacion\/wp-json\/wp\/v2\/media\/25818"}],"wp:attachment":[{"href":"https:\/\/www.volkswagen.es\/comunicacion\/wp-json\/wp\/v2\/media?parent=25815"}],"wp:term":[{"taxonomy":"category","embeddable":true,"href":"https:\/\/www.volkswagen.es\/comunicacion\/wp-json\/wp\/v2\/categories?post=25815"},{"taxonomy":"post_tag","embeddable":true,"href":"https:\/\/www.volkswagen.es\/comunicacion\/wp-json\/wp\/v2\/tags?post=25815"}],"curies":[{"name":"wp","href":"https:\/\/api.w.org\/{rel}","templated":true}]}}