{"id":25811,"date":"2020-01-15T00:00:00","date_gmt":"2020-01-15T00:00:00","guid":{"rendered":"https:\/\/www.volkswagen.es\/2020\/01\/15\/volkswagen-driving-experience-arranca-la-temporada-en-andorra-con-un-curso-sobre-nieve\/"},"modified":"2021-03-25T09:34:28","modified_gmt":"2021-03-25T09:34:28","slug":"volkswagen-driving-experience-arranca-la-temporada-en-andorra-con-un-curso-sobre-nieve","status":"publish","type":"post","link":"https:\/\/www.volkswagen.es\/comunicacion\/volkswagen-driving-experience-arranca-la-temporada-en-andorra-con-un-curso-sobre-nieve\/","title":{"rendered":"VOLKSWAGEN DRIVING EXPERIENCE ARRANCA LA TEMPORADA EN ANDORRA CON UN CURSO SOBRE NIEVE"},"content":{"rendered":"<p >El principal objetivo de este curso es que los alumnos aprendan a controlar el coche en superficies de poca adherencia para aumentar la seguridad al volante en un entorno adverso. Se centra en el aprendizaje de t\u00e9cnicas de conducci\u00f3n off-road y en c\u00f3mo apoyarse en los asistentes de seguridad activa que incorporan los veh\u00edculos Volkswagen para, as\u00ed, sacar el m\u00e1ximo partido a la tracci\u00f3n 4Motion.<\/p>\n<p >En el Circuito de Andorra, situado en Pas de la Casa, los alumnos experimentar\u00e1n sensaciones \u00fanicas, ya que no es muy frecuente que un conductor tenga la oportunidad de poner a prueba su habilidad al volante en un entorno seguro y bajo la supervisi\u00f3n de monitores expertos en este tipo de conducci\u00f3n.<\/p>\n<p >Por ello, la Escuela 4MOTION es una de las citas m\u00e1s emocionantes del programa de este a\u00f1o. Las plazas se pueden adquirir en la web Volkswagen Driving Experience por un precio de 190 euros para clientes y de 250 euros para no clientes.<\/p>\n<\/p>\n<p >Para los m\u00e1s aventureros: R Experience Ice Sweden<\/p>\n<p >\n<p ><span>No obstante, si hay conductores que buscan emociones m\u00e1s fuertes, Volkswagen pone a su disposici\u00f3n una experiencia exclusiva a apenas 100 kil\u00f3metros del C\u00edrculo Polar \u00c1rtico, en Laponia sueca. Ser\u00e1 un viaje de cuatro d\u00edas -del 28 de febrero al 2 de marzo-  para un reducido grupo de 12 conductores. Los participantes conducir\u00e1n el T-Roc R y el Passat R Line, \u00faltimos lanzamientos con el sello de deportividad de la marca, en un circuito que est\u00e1 situado sobre un lago helado a pocos kil\u00f3metros de la localidad de Arvidsjaur. Acompa\u00f1ados por instructores profesionales, aprender\u00e1n la t\u00e9cnica del &#8216;drifting&#8217; en el lugar donde pilotos profesionales de todo el mundo ponen a prueba sus coches en condiciones extremas.<\/span><\/p>\n<p><span> <\/span><\/p>\n<p ><span>Los asistentes a esta experiencia exclusiva estar\u00e1n acompa\u00f1ados en todo momento por Luis Moya, embajador de la marca, que viajar\u00e1 con ellos desde Espa\u00f1a y compartir\u00e1 los cuatro d\u00edas con el grupo. Y es que m\u00e1s all\u00e1 del curso de conducci\u00f3n, la experiencia en Suecia es una oportunidad para conocer una de las zonas m\u00e1s espectaculares de Europa y disfrutar, si la climatolog\u00eda lo permite, de las auroras boreales, ya que Laponia sueca es uno de los mejores lugares del mundo para ver este fen\u00f3meno de la naturaleza.<\/span><\/p>\n<p><span> <\/span><\/p>\n<p ><span>El precio del viaje es de 3.790 euros para clientes y de 3.920 euros para no clientes de la marca, e incluye curso de conducci\u00f3n, estancia, pensi\u00f3n completa y vuelos desde Espa\u00f1a.<\/span><\/p>\n<\/p>\n<p >Calendario 2020<\/p>\n<p >Adem\u00e1s de estas dos experiencias invernales, a lo largo de 2020 Volkswagen ofrecer\u00e1 cursos de conducci\u00f3n en diversos circuitos de la geograf\u00eda espa\u00f1ola:<\/p>\n<\/p>\n<p ><b>Escuela 4MOTION Andorra <span><\/span><\/b>31 de enero &#8211; 2 de febrero             <\/p>\n<p ><b>R Experience Ice Sweden<\/b> <span><\/span>28 de febrero &#8211; 2 de marzo<\/p>\n<\/p>\n<p ><b>Escuela 4MOTION Segovia<\/b> <span><\/span>25 y 26 de abril<\/p>\n<p ><b>Race Tour Jerez<\/b> <span><\/span>22 de mayo<\/p>\n<p ><b>Race Tour \/ Escuela R y GTI Castellol\u00ed<\/b> <span><\/span>11-13 de junio    <\/p>\n<p ><b>Race Tour Cheste<\/b> <span><\/span>19 de septiembre<\/p>\n<p ><b>Race Tour \/ Escuela R y GTI Jarama<\/b> <span><\/span><b><\/b>22-24 de octubre<\/p>\n<p >\n<p >\n<p>\u00a0<\/p>\n<p >Enlace de inter\u00e9s<\/p>\n<p ><a  href=\"https:\/\/drivingexperience.volkswagen.es\/\"><span>Web Volkswagen Driving Experience<\/span><\/a><\/p>\n","protected":false},"excerpt":{"rendered":"La Escuela 4MOTION se celebrar\u00e1 el fin de semana del 31 de enero al 2 de febreroLuis Moya y Andy Soucek acompa\u00f1ar\u00e1n a los alumnos durante el cursoLa siguiente cita del calendario se celebrar\u00e1 en","protected":false},"author":1,"featured_media":25814,"comment_status":"open","ping_status":"open","sticky":false,"template":"","format":"standard","meta":{"_acf_changed":false,"ep_exclude_from_search":false,"footnotes":""},"categories":[290],"tags":[],"class_list":["post-25811","post","type-post","status-publish","format-standard","has-post-thumbnail","hentry","category-escuela-4motion"],"acf":[],"_links":{"self":[{"href":"https:\/\/www.volkswagen.es\/comunicacion\/wp-json\/wp\/v2\/posts\/25811","targetHints":{"allow":["GET"]}}],"collection":[{"href":"https:\/\/www.volkswagen.es\/comunicacion\/wp-json\/wp\/v2\/posts"}],"about":[{"href":"https:\/\/www.volkswagen.es\/comunicacion\/wp-json\/wp\/v2\/types\/post"}],"author":[{"embeddable":true,"href":"https:\/\/www.volkswagen.es\/comunicacion\/wp-json\/wp\/v2\/users\/1"}],"replies":[{"embeddable":true,"href":"https:\/\/www.volkswagen.es\/comunicacion\/wp-json\/wp\/v2\/comments?post=25811"}],"version-history":[{"count":1,"href":"https:\/\/www.volkswagen.es\/comunicacion\/wp-json\/wp\/v2\/posts\/25811\/revisions"}],"predecessor-version":[{"id":26153,"href":"https:\/\/www.volkswagen.es\/comunicacion\/wp-json\/wp\/v2\/posts\/25811\/revisions\/26153"}],"wp:featuredmedia":[{"embeddable":true,"href":"https:\/\/www.volkswagen.es\/comunicacion\/wp-json\/wp\/v2\/media\/25814"}],"wp:attachment":[{"href":"https:\/\/www.volkswagen.es\/comunicacion\/wp-json\/wp\/v2\/media?parent=25811"}],"wp:term":[{"taxonomy":"category","embeddable":true,"href":"https:\/\/www.volkswagen.es\/comunicacion\/wp-json\/wp\/v2\/categories?post=25811"},{"taxonomy":"post_tag","embeddable":true,"href":"https:\/\/www.volkswagen.es\/comunicacion\/wp-json\/wp\/v2\/tags?post=25811"}],"curies":[{"name":"wp","href":"https:\/\/api.w.org\/{rel}","templated":true}]}}