{"id":25625,"date":"2019-06-28T00:00:00","date_gmt":"2019-06-28T00:00:00","guid":{"rendered":"https:\/\/www.volkswagen.es\/2019\/06\/28\/golf-gti-the-original-volkswagen-celebra-44-anos-del-primer-golf-gti-con-una-edicion-especial-limitada\/"},"modified":"2021-04-06T14:54:01","modified_gmt":"2021-04-06T14:54:01","slug":"golf-gti-the-original-volkswagen-celebra-44-anos-del-primer-golf-gti-con-una-edicion-especial-limitada","status":"publish","type":"post","link":"https:\/\/www.volkswagen.es\/comunicacion\/golf-gti-the-original-volkswagen-celebra-44-anos-del-primer-golf-gti-con-una-edicion-especial-limitada\/","title":{"rendered":"GOLF GTI THE ORIGINAL: VOLKSWAGEN CELEBRA 44 A\u00d1OS DEL PRIMER GOLF GTI CON UNA EDICI\u00d3N ESPECIAL LIMITADA"},"content":{"rendered":"<p >El Golf GTI The Original se basa en el acabado Performance de la \u00faltima generaci\u00f3n del popular compacto deportivo de Volkswagen, compartiendo muchos de los elementos caracter\u00edsticos de la familia GTI, como las distintivas franjas rojas de la parrilla del radiador. Adem\u00e1s, su equipamiento y configuraci\u00f3n incluyen numerosos gui\u00f1os y referencias al Golf GTI original, como las llantas BBS en 19 pulgadas, el spoiler trasero y los retrovisores en color negro brillante, la decoraci\u00f3n lateral con dos franjas negras y el logotipo \u00abThe Original\u00bb, las alfombrillas interiores con ribeteado rojo y una placa identificativa con la numeraci\u00f3n de cada una de las unidades. Sus tres puertas y su carrocer\u00eda de color Blanco Puro o Rojo Tornado homenajean el aspecto cl\u00e1sico de la versi\u00f3n de 1976, el a\u00f1o que vio nacer a la primera generaci\u00f3n de un coche legendario.<\/p>\n<p >La introducci\u00f3n de la familia GTI logr\u00f3 acercar con \u00e9xito al p\u00fablico general la sensaci\u00f3n y la experiencia \u00fanica de conducir un aut\u00e9ntico deportivo. El Golf GTI MK I de 1976 equipaba un poderoso motor de 110 CV de potencia y pod\u00eda alcanzar velocidades de hasta 182 km\/h, logrando revolucionar el mundo de los coches compactos y los deportivos de lujo gracias a sus prestaciones y a su comportamiento. El modelo conmemorativo no se queda a la zaga: equipa un potente motor de gasolina TSI de 2.0 litros, que entrega una potencia de 180 kW (245 CV). El Golf GTI The Original alcanza una velocidad punta de 248 km\/h y puede acelerar de 0 a 100 km\/h en 6,2 segundos. Esta poderosa motorizaci\u00f3n se combina con una transmisi\u00f3n manual de 6 velocidades, que tambi\u00e9n supone un gui\u00f1o a la configuraci\u00f3n cl\u00e1sica del modelo original.<\/p>\n<p >Adem\u00e1s de sus m\u00faltiples referencias al pasado m\u00e1s ilustre de la gama, el Golf GTI de edici\u00f3n limitada dispone de numerosas opciones de equipamiento que le permiten incorporar lo \u00faltimo en tecnolog\u00eda, sistemas de asistencia e infoentretenimiento. Estas incluyen el techo solar panor\u00e1mico, el sistema de sonido \u00abDYNAUDIO Excite\u00bb, la c\u00e1mara de visi\u00f3n trasera \u00abRear View\u00bb , los faros delanteros LED High con Dynamic Light Assist, faros delanteros antiniebla y el paquete de conducci\u00f3n semiaut\u00f3noma, con funci\u00f3n de identificaci\u00f3n de se\u00f1ales de tr\u00e1fico y asistente de mantenimiento de carril \u00abLane Assist\u00bb.<\/p>\n<p >El Golf GTI The Original estar\u00e1 disponible a partir del 28 de junio, en una edici\u00f3n especial limita de tan solo 44 unidades, una por cada a\u00f1o transcurrido desde el estreno del deportivo compacto m\u00e1s emblem\u00e1tico.<\/p>\n<p >Se ha creado una web espec\u00edfica <a href=\"http:\/\/www.gtitheoriginal.es\/\">www.gtitheoriginal.es<\/a> con toda la informaci\u00f3n detallada y un timeline con el n\u00famero de unidades disponibles.<\/p>\n<p >El Golf GTI The Original estar\u00e1 disponible desde 40.600 \u20ac PVP, acogi\u00e9ndose a las campa\u00f1as base del modelo y sujeto a financiaci\u00f3n con VWFS.<\/p>\n","protected":false},"excerpt":{"rendered":"Desde su lanzamiento al mercado en 1976, el Golf GTI se ha ganado a pulso un lugar preferente entre los mitos del autom\u00f3vilBasado en el Golf GTI Performance, el modelo conmemorativo contar\u00e1 con la configuraci\u00f3n","protected":false},"author":1,"featured_media":25627,"comment_status":"open","ping_status":"open","sticky":false,"template":"","format":"standard","meta":{"_acf_changed":false,"ep_exclude_from_search":false,"footnotes":""},"categories":[260],"tags":[],"class_list":["post-25625","post","type-post","status-publish","format-standard","has-post-thumbnail","hentry","category-golf-gti-golf-historico-de-modelos"],"acf":[],"_links":{"self":[{"href":"https:\/\/www.volkswagen.es\/comunicacion\/wp-json\/wp\/v2\/posts\/25625","targetHints":{"allow":["GET"]}}],"collection":[{"href":"https:\/\/www.volkswagen.es\/comunicacion\/wp-json\/wp\/v2\/posts"}],"about":[{"href":"https:\/\/www.volkswagen.es\/comunicacion\/wp-json\/wp\/v2\/types\/post"}],"author":[{"embeddable":true,"href":"https:\/\/www.volkswagen.es\/comunicacion\/wp-json\/wp\/v2\/users\/1"}],"replies":[{"embeddable":true,"href":"https:\/\/www.volkswagen.es\/comunicacion\/wp-json\/wp\/v2\/comments?post=25625"}],"version-history":[{"count":1,"href":"https:\/\/www.volkswagen.es\/comunicacion\/wp-json\/wp\/v2\/posts\/25625\/revisions"}],"predecessor-version":[{"id":26182,"href":"https:\/\/www.volkswagen.es\/comunicacion\/wp-json\/wp\/v2\/posts\/25625\/revisions\/26182"}],"wp:featuredmedia":[{"embeddable":true,"href":"https:\/\/www.volkswagen.es\/comunicacion\/wp-json\/wp\/v2\/media\/25627"}],"wp:attachment":[{"href":"https:\/\/www.volkswagen.es\/comunicacion\/wp-json\/wp\/v2\/media?parent=25625"}],"wp:term":[{"taxonomy":"category","embeddable":true,"href":"https:\/\/www.volkswagen.es\/comunicacion\/wp-json\/wp\/v2\/categories?post=25625"},{"taxonomy":"post_tag","embeddable":true,"href":"https:\/\/www.volkswagen.es\/comunicacion\/wp-json\/wp\/v2\/tags?post=25625"}],"curies":[{"name":"wp","href":"https:\/\/api.w.org\/{rel}","templated":true}]}}