{"id":25547,"date":"2019-03-27T00:00:00","date_gmt":"2019-03-27T00:00:00","guid":{"rendered":"https:\/\/www.volkswagen.es\/2019\/03\/27\/volkswagen-navarra-logra-un-beneficio-de-656-millones-de-euros-en-2018-un-17-mas-que-en-2017\/"},"modified":"2021-02-16T13:12:34","modified_gmt":"2021-02-16T13:12:34","slug":"volkswagen-navarra-logra-un-beneficio-de-656-millones-de-euros-en-2018-un-17-mas-que-en-2017","status":"publish","type":"post","link":"https:\/\/www.volkswagen.es\/comunicacion\/volkswagen-navarra-logra-un-beneficio-de-656-millones-de-euros-en-2018-un-17-mas-que-en-2017\/","title":{"rendered":"VOLKSWAGEN NAVARRA LOGRA UN BENEFICIO DE 65,6 MILLONES DE EUROS EN 2018, UN 17% M\u00c1S QUE EN 2017"},"content":{"rendered":"<p >Las inversiones alcanzaron en 2018 los 105,1 millones de euros. De esta cifra, 66,1 millones fueron destinados a la preparaci\u00f3n de la f\u00e1brica para la producci\u00f3n del nuevo Volkswagen T-Cross, cuya producci\u00f3n en serie comenz\u00f3 el pasado mes de diciembre, mientras que las labores directamente relacionadas con el Volkswagen Polo supusieron una inversi\u00f3n de 17,1 millones de euros. Por \u00faltimo, el resto de las actuaciones realizadas en la f\u00e1brica sumaron una inversi\u00f3n de 21,9 millones de euros.<\/p>\n<\/p>\n<p ><b>Buen entendimiento y acuerdos<\/b><\/p>\n<p ><span>Ingo Neubert, director de Finanzas de Volkswagen Navarra, explica que \u00abp<span>ara toda la industria automovil\u00edstica, 2018 fue un a\u00f1o marcado por las tensiones derivadas del nuevo ciclo de homologaci\u00f3n WLTP y Volkswagen Navarra no fue ajena a esta circunstancia\u00bb. Sin embargo, a\u00f1ade Neubert, \u00abel resultado mejor\u00f3 el de 2017, en gran medida como consecuencia <span>de haber podido volver a un volumen no penalizado por un lanzamiento como el del nuevo Polo en 2017. El Acuerdo del Segundo Modelo ha tra\u00eddo a la f\u00e1brica de Pamplona el T-Cross, un modelo muy rentable que va a asegurar la ocupaci\u00f3n de la planta. El preacuerdo del IX Convenio Colectivo reconoce el esfuerzo de la plantilla y con una subida por encima del IPC se ha llegado as\u00ed al m\u00e1ximo de lo que la f\u00e1brica pod\u00eda ofrecer para poder participar en los planes futuros de la marca y no poner en peligro la competitividad de Volkswagen Navarra<span>\u00ab.<\/span><\/span><\/span><\/span><\/p>\n<p >\n<p >Producci\u00f3n y exportaciones<\/p>\n<p >El a\u00f1o 2018 concluy\u00f3 para Volkswagen Navarra con la fabricaci\u00f3n de 272.272 coches (un 11,5% m\u00e1s que en 2017) y con una plantilla, a 31 de diciembre, de 4.764 trabajadores. El 90% de la producci\u00f3n fue destinada a la exportaci\u00f3n, con un 10% de la fabricaci\u00f3n dedicada al mercado nacional.<\/p>\n<\/p>\n<p >Entre las exportaciones, Alemania fue el primer destino del Volkswagen Polo fabricado en Pamplona, con un 22,2% de la producci\u00f3n, seguido de Italia, con un 15,2%, y Francia, con un 14,5%. En cuarta posici\u00f3n se situaron los Pa\u00edses Bajos, con un 4,8%, y en quinto lugar, Turqu\u00eda, con un 3,6%.<\/p><\/p>\n","protected":false},"excerpt":{"rendered":"Las ventas totales ascienden a 3.211 millones de euros, el 94% procedente de la venta de coches y el 6% de la venta de carrocer\u00edas, componentes y recambiosLas inversiones alcanzan en 2018 los 105,1 millones","protected":false},"author":1,"featured_media":25550,"comment_status":"open","ping_status":"open","sticky":false,"template":"","format":"standard","meta":{"_acf_changed":false,"ep_exclude_from_search":false,"footnotes":""},"categories":[303],"tags":[],"class_list":["post-25547","post","type-post","status-publish","format-standard","has-post-thumbnail","hentry","category-vw-navarra"],"acf":[],"_links":{"self":[{"href":"https:\/\/www.volkswagen.es\/comunicacion\/wp-json\/wp\/v2\/posts\/25547","targetHints":{"allow":["GET"]}}],"collection":[{"href":"https:\/\/www.volkswagen.es\/comunicacion\/wp-json\/wp\/v2\/posts"}],"about":[{"href":"https:\/\/www.volkswagen.es\/comunicacion\/wp-json\/wp\/v2\/types\/post"}],"author":[{"embeddable":true,"href":"https:\/\/www.volkswagen.es\/comunicacion\/wp-json\/wp\/v2\/users\/1"}],"replies":[{"embeddable":true,"href":"https:\/\/www.volkswagen.es\/comunicacion\/wp-json\/wp\/v2\/comments?post=25547"}],"version-history":[{"count":1,"href":"https:\/\/www.volkswagen.es\/comunicacion\/wp-json\/wp\/v2\/posts\/25547\/revisions"}],"predecessor-version":[{"id":48021,"href":"https:\/\/www.volkswagen.es\/comunicacion\/wp-json\/wp\/v2\/posts\/25547\/revisions\/48021"}],"wp:featuredmedia":[{"embeddable":true,"href":"https:\/\/www.volkswagen.es\/comunicacion\/wp-json\/wp\/v2\/media\/25550"}],"wp:attachment":[{"href":"https:\/\/www.volkswagen.es\/comunicacion\/wp-json\/wp\/v2\/media?parent=25547"}],"wp:term":[{"taxonomy":"category","embeddable":true,"href":"https:\/\/www.volkswagen.es\/comunicacion\/wp-json\/wp\/v2\/categories?post=25547"},{"taxonomy":"post_tag","embeddable":true,"href":"https:\/\/www.volkswagen.es\/comunicacion\/wp-json\/wp\/v2\/tags?post=25547"}],"curies":[{"name":"wp","href":"https:\/\/api.w.org\/{rel}","templated":true}]}}