{"id":25520,"date":"2019-03-20T00:00:00","date_gmt":"2019-03-20T00:00:00","guid":{"rendered":"https:\/\/www.volkswagen.es\/2019\/03\/20\/diess-solo-lograremos-garantizar-nuestro-futuro-trabajando-juntos\/"},"modified":"2021-04-08T15:38:08","modified_gmt":"2021-04-08T15:38:08","slug":"diess-solo-lograremos-garantizar-nuestro-futuro-trabajando-juntos","status":"publish","type":"post","link":"https:\/\/www.volkswagen.es\/comunicacion\/diess-solo-lograremos-garantizar-nuestro-futuro-trabajando-juntos\/","title":{"rendered":"DIESS: \u00abS\u00d3LO LOGRAREMOS GARANTIZAR NUESTRO FUTURO TRABAJANDO JUNTOS\u00bb"},"content":{"rendered":"<div>\n<p >Diess subray\u00f3: \u00abEl objetivo es preparar Volkswagen para la nueva era de la mejor forma posible. Bernd Osterloh tambi\u00e9n es consciente de la necesidad de cambio. A menudo me muestro m\u00e1s impaciente que \u00e9l, porque veo riesgos a\u00fan mayores por delante. Y porque creo que debemos modernizarnos m\u00e1s r\u00e1pidamente\u00bb. Sigui\u00f3 diciendo que, a pesar de todo, est\u00e1 convencido de que Volkswagen se enfrentar\u00e1 al futuro con \u00e9xito: \u00abJuntos, en estos tres \u00faltimos a\u00f1os hemos desarrollado soluciones importantes &#8211; incluyendo respuestas a cuestiones de personal dif\u00edciles, acerca del pacto para el futuro o sobre decisiones de producto. Soy optimista, y creo que podremos seguir haci\u00e9ndolo\u00bb.<\/p>\n<\/p>\n<p >Diess dijo que Volkswagen ha logrado una buena posici\u00f3n de salida para la transformaci\u00f3n radical a la que se enfrenta la industria autom\u00f3vil, y a\u00f1adi\u00f3 que el resultado de 2018 fue muy digno: Volkswagen consigui\u00f3 un \u00e9xito de negocio, as\u00ed como la fortaleza financiera para gestionar las grandes cuestiones de futuro a su propio ritmo. \u00abTodo esto es producto de un tremendo esfuerzo de equipo por parte de nuestras marcas y regiones, y por ello me gustar\u00eda dar las gracias de coraz\u00f3n a todo el mundo\u00bb. Diess a\u00f1adi\u00f3 que, sin embargo, todav\u00eda queda mucho por hacer y que es consciente del esfuerzo, la incertidumbre y las preocupaciones de la plantilla.<\/p>\n<\/p>\n<p >Sin embargo, no hay alternativa: \u00abDebemos ganar mucho m\u00e1s dinero con nuestros coches para poder invertir en el futuro. Debemos ser m\u00e1s eficientes, m\u00e1s flexibles, m\u00e1s r\u00e1pidos, para poder seguir el ritmo de los nuevos competidores. Debemos aprovechar el potencial de este gran Grupo y de esta gran f\u00e1brica de Wolfsburg\u00bb.<\/p>\n<\/p>\n<p >Respecto a 2019, Diess dijo que, teniendo en cuenta la crisis del diesel y sus consecuencias, y a la vista de la incertidumbre econ\u00f3mica existente en muchos mercados, se requerir\u00e1n muchos esfuerzos para lograr que 2019 vuelva a ser un a\u00f1o s\u00f3lido para Volkswagen. Diess ve a Volkswagen bien encaminada en el \u00e1mbito de la electrificaci\u00f3n. Volkswagen est\u00e1 plenamente comprometida con la movilidad limpia. \u00abSe lo debemos a las pr\u00f3ximas generaciones\u00bb, dijo, y resalt\u00f3: \u00abComprendo muy bien y entiendo a los estudiantes que est\u00e1n haciendo huelga para expresar su preocupaci\u00f3n por nuestro planeta. No est\u00e1n satisfechos con nosotros, con los pol\u00edticos y con las empresas. Debemos ofrecer las respuestas correctas\u00bb.<\/p>\n<\/p>\n<p >Refiri\u00e9ndose a la movilidad el\u00e9ctrica, Diess tambi\u00e9n llam\u00f3 la atenci\u00f3n sobre los grandes desaf\u00edos en t\u00e9rminos de empleo, porque el ensamblaje de un coche el\u00e9ctrico requiere un 30% menos de tiempo. La jubilaci\u00f3n parcial ser\u00e1 un instrumento importante para llevar a cabo los ajustes necesarios. \u00abJunto con el Comit\u00e9 de Empresa, debemos hacer todo lo posible para aprovechar al m\u00e1ximo estas posibilidades, no solo en producci\u00f3n, sino tambi\u00e9n en administraci\u00f3n\u00bb. Al mismo tiempo, Volkswagen necesita actualizar sus sistemas inform\u00e1ticos y, a lo largo de los pr\u00f3ximos a\u00f1os, invertir\u00e1 cerca de 4.600 millones de euros en este \u00e1mbito. La digitalizaci\u00f3n tambi\u00e9n conllevar\u00e1 una p\u00e9rdida de puestos de trabajo, dijo Diess, que a\u00f1adi\u00f3: \u00abPero para eso tambi\u00e9n encontraremos soluciones socialmente aceptables\u00bb.<\/p>\n<\/p><\/div>\n","protected":false},"excerpt":{"rendered":"Encuentro con empleados en WolfsburgDiess agradece a los empleados su aportaci\u00f3n y pide un esfuerzo para que contin\u00fae la transformaci\u00f3nEl presidente de Volkswagen, Herbert Diess, reclam\u00f3 una mejor colaboraci\u00f3n en Volkswagen respecto a las cuestiones","protected":false},"author":1,"featured_media":0,"comment_status":"open","ping_status":"open","sticky":false,"template":"","format":"standard","meta":{"_acf_changed":false,"ep_exclude_from_search":false,"footnotes":""},"categories":[280],"tags":[],"class_list":["post-25520","post","type-post","status-publish","format-standard","hentry","category-directivos"],"acf":[],"_links":{"self":[{"href":"https:\/\/www.volkswagen.es\/comunicacion\/wp-json\/wp\/v2\/posts\/25520","targetHints":{"allow":["GET"]}}],"collection":[{"href":"https:\/\/www.volkswagen.es\/comunicacion\/wp-json\/wp\/v2\/posts"}],"about":[{"href":"https:\/\/www.volkswagen.es\/comunicacion\/wp-json\/wp\/v2\/types\/post"}],"author":[{"embeddable":true,"href":"https:\/\/www.volkswagen.es\/comunicacion\/wp-json\/wp\/v2\/users\/1"}],"replies":[{"embeddable":true,"href":"https:\/\/www.volkswagen.es\/comunicacion\/wp-json\/wp\/v2\/comments?post=25520"}],"version-history":[{"count":1,"href":"https:\/\/www.volkswagen.es\/comunicacion\/wp-json\/wp\/v2\/posts\/25520\/revisions"}],"predecessor-version":[{"id":50232,"href":"https:\/\/www.volkswagen.es\/comunicacion\/wp-json\/wp\/v2\/posts\/25520\/revisions\/50232"}],"wp:attachment":[{"href":"https:\/\/www.volkswagen.es\/comunicacion\/wp-json\/wp\/v2\/media?parent=25520"}],"wp:term":[{"taxonomy":"category","embeddable":true,"href":"https:\/\/www.volkswagen.es\/comunicacion\/wp-json\/wp\/v2\/categories?post=25520"},{"taxonomy":"post_tag","embeddable":true,"href":"https:\/\/www.volkswagen.es\/comunicacion\/wp-json\/wp\/v2\/tags?post=25520"}],"curies":[{"name":"wp","href":"https:\/\/api.w.org\/{rel}","templated":true}]}}