{"id":25507,"date":"2019-03-11T00:00:00","date_gmt":"2019-03-11T00:00:00","guid":{"rendered":"https:\/\/www.volkswagen.es\/2019\/03\/11\/annual-media-conference-de-la-marca-volkswagen\/"},"modified":"2021-03-25T09:50:07","modified_gmt":"2021-03-25T09:50:07","slug":"annual-media-conference-de-la-marca-volkswagen","status":"publish","type":"post","link":"https:\/\/www.volkswagen.es\/comunicacion\/annual-media-conference-de-la-marca-volkswagen\/","title":{"rendered":"ANNUAL MEDIA CONFERENCE DE LA MARCA VOLKSWAGEN"},"content":{"rendered":"<p >El evento se podr\u00e1 seguir a trav\u00e9s de:<\/p>\n<p>\u00a0<\/p>\n<div >\n<p><strong>Internet:<\/strong><\/p>\n<\/div>\n<div ><a href=\"http:\/\/volkswagen.gomexlive.com\/vw_live_pk\/?%20target=\"><\/a><a href=\"http:\/\/volkswagen.gomexlive.com\/vw_live_pk\/?%20target=\">http:\/\/volkswagen.gomexlive.com\/vw_live_pk\/?&gt;<\/a><\/div>\n<p >En este enlace podr\u00e1 ver la rueda de prensa en directo y encontrar\u00e1 un c\u00f3digo embebido para incrustarlo en su p\u00e1gina web.<\/p>\n<p>\u00a0<\/p>\n<p ><strong>TV: Datos de sat\u00e9lite para televisiones:<\/strong><\/p>\n<p>\u00a0<\/p>\n<div ><strong>Europe \/ Middle East &#8211; live HD Feed<\/strong><\/div>\n<div >Live feed to start at apprx. 08:50am CET \/ 07:50am GMT<\/div>\n<p>\u00a0<\/p>\n<table border=\"1\" cellspacing=\"0\" cellpadding=\"0\" width=\"0\" >\n<tbody>\n<tr>\n<td width=\"236\" valign=\"top\">\n<p>Satellite:<\/p>\n<\/td>\n<td width=\"236\" valign=\"top\">\n<p>EUT 12 WB<\/p>\n<\/td>\n<\/tr>\n<tr>\n<td width=\"236\" valign=\"top\">\n<p>Transponder (digital):<\/p>\n<\/td>\n<td width=\"236\" valign=\"top\">\n<p>F06,Ch D+<\/p>\n<\/td>\n<\/tr>\n<tr>\n<td width=\"236\" valign=\"top\">\n<p>Downlink Frequency:<\/p>\n<\/td>\n<td width=\"236\" valign=\"top\">\n<p>12.625,250 MHz<\/p>\n<\/td>\n<\/tr>\n<tr>\n<td width=\"236\" valign=\"top\">\n<p>Polarisation:<\/p>\n<\/td>\n<td width=\"236\" valign=\"top\">\n<p>X<\/p>\n<\/td>\n<\/tr>\n<tr>\n<td width=\"236\" valign=\"top\">\n<p>Video Std:<\/p>\n<\/td>\n<td width=\"236\" valign=\"top\">\n<p>1080i\/50 Hz PAL<\/p>\n<\/td>\n<\/tr>\n<tr>\n<td width=\"236\" valign=\"top\">\n<p>Audio Channels:<\/p>\n<\/td>\n<td width=\"236\" valign=\"top\">\n<p>Channel 1: German (IT) +2: English<\/p>\n<\/td>\n<\/tr>\n<tr>\n<td width=\"236\" valign=\"top\">\n<p>Modulation:<\/p>\n<\/td>\n<td width=\"236\" valign=\"top\">\n<p>DVB-S2 \/ 8 PSK<\/p>\n<\/td>\n<\/tr>\n<tr>\n<td width=\"236\" valign=\"top\">\n<p>Symbol rate:<\/p>\n<\/td>\n<td width=\"236\" valign=\"top\">\n<p>7.2000 Msymb\/s<\/p>\n<\/td>\n<\/tr>\n<tr>\n<td width=\"236\" valign=\"top\">\n<p>FEC:<\/p>\n<\/td>\n<td width=\"236\" valign=\"top\">\n<p>3\/4<\/p>\n<\/td>\n<\/tr>\n<tr>\n<td width=\"236\" valign=\"top\">\n<p>MPEG:<\/p>\n<\/td>\n<td width=\"236\" valign=\"top\">\n<p>4:2:0 \/ MPEG4<\/p>\n<\/td>\n<\/tr>\n<tr>\n<td width=\"236\" valign=\"top\">\n<p>Encryption:<\/p>\n<\/td>\n<td width=\"236\" valign=\"top\">\n<p>No encryption<\/p>\n<\/td>\n<\/tr>\n<\/tbody>\n<\/table>\n<p><a href=\"http:\/\/volkswagen.gomexlive.com\/vw_live_pk\/?%20target=\"><\/a>  <\/p>\n<p>\u00a0<\/p>\n<p ><a href=\"http:\/\/volkswagen.gomexlive.com\/vw_live_pk\/?%20target=\"><\/a><strong ><a href=\"http:\/\/volkswagen.gomexlive.com\/vw_live_pk\/?%20target=\">TV: Datos de sat\u00e9lite para televisiones:<\/a><\/strong><\/p>\n<p>\u00a0<\/p>\n<div ><a href=\"http:\/\/volkswagen.gomexlive.com\/vw_live_pk\/?%20target=\"><strong>Europe \/ Middle East &#8211; live HD Feed<\/strong><\/a><\/div>\n<div ><a href=\"http:\/\/volkswagen.gomexlive.com\/vw_live_pk\/?%20target=\"><\/a><a href=\"http:\/\/volkswagen.gomexlive.com\/vw_live_pk\/?%20target=\">Live feed to start at apprx. 08:50am CET \/ 07:50am GMT<\/a><\/div>\n<p>\u00a0<\/p>\n<table border=\"1\" cellspacing=\"0\" cellpadding=\"0\" width=\"0\" >\n<tbody>\n<tr>\n<td width=\"236\" valign=\"top\">\n<p><a href=\"http:\/\/volkswagen.gomexlive.com\/vw_live_pk\/?%20target=\">Satellite:<\/a><\/p>\n<\/td>\n<td width=\"236\" valign=\"top\">\n<p><a href=\"http:\/\/volkswagen.gomexlive.com\/vw_live_pk\/?%20target=\">EUT 12 WB<\/a><\/p>\n<\/td>\n<\/tr>\n<tr>\n<td width=\"236\" valign=\"top\">\n<p><a href=\"http:\/\/volkswagen.gomexlive.com\/vw_live_pk\/?%20target=\">Transponder (digital):<\/a><\/p>\n<\/td>\n<td width=\"236\" valign=\"top\">\n<p><a href=\"http:\/\/volkswagen.gomexlive.com\/vw_live_pk\/?%20target=\">F06,Ch D+<\/a><\/p>\n<\/td>\n<\/tr>\n<tr>\n<td width=\"236\" valign=\"top\">\n<p><a href=\"http:\/\/volkswagen.gomexlive.com\/vw_live_pk\/?%20target=\">Downlink Frequency:<\/a><\/p>\n<\/td>\n<td width=\"236\" valign=\"top\">\n<p><a href=\"http:\/\/volkswagen.gomexlive.com\/vw_live_pk\/?%20target=\">12.625,250 MHz<\/a><\/p>\n<\/td>\n<\/tr>\n<tr>\n<td width=\"236\" valign=\"top\">\n<p><a href=\"http:\/\/volkswagen.gomexlive.com\/vw_live_pk\/?%20target=\">Polarisation:<\/a><\/p>\n<\/td>\n<td width=\"236\" valign=\"top\">\n<p><a href=\"http:\/\/volkswagen.gomexlive.com\/vw_live_pk\/?%20target=\">X<\/a><\/p>\n<\/td>\n<\/tr>\n<tr>\n<td width=\"236\" valign=\"top\">\n<p><a href=\"http:\/\/volkswagen.gomexlive.com\/vw_live_pk\/?%20target=\">Video Std:<\/a><\/p>\n<\/td>\n<td width=\"236\" valign=\"top\">\n<p><a href=\"http:\/\/volkswagen.gomexlive.com\/vw_live_pk\/?%20target=\">1080i\/50 Hz PAL<\/a><\/p>\n<\/td>\n<\/tr>\n<tr>\n<td width=\"236\" valign=\"top\">\n<p><a href=\"http:\/\/volkswagen.gomexlive.com\/vw_live_pk\/?%20target=\">Audio Channels:<\/a><\/p>\n<\/td>\n<td width=\"236\" valign=\"top\">\n<p><a href=\"http:\/\/volkswagen.gomexlive.com\/vw_live_pk\/?%20target=\">Channel 1: German (IT) +2: English<\/a><\/p>\n<\/td>\n<\/tr>\n<tr>\n<td width=\"236\" valign=\"top\">\n<p><a href=\"http:\/\/volkswagen.gomexlive.com\/vw_live_pk\/?%20target=\">Modulation:<\/a><\/p>\n<\/td>\n<td width=\"236\" valign=\"top\">\n<p><a href=\"http:\/\/volkswagen.gomexlive.com\/vw_live_pk\/?%20target=\">DVB-S2 \/ 8 PSK<\/a><\/p>\n<\/td>\n<\/tr>\n<tr>\n<td width=\"236\" valign=\"top\">\n<p><a href=\"http:\/\/volkswagen.gomexlive.com\/vw_live_pk\/?%20target=\">Symbol rate:<\/a><\/p>\n<\/td>\n<td width=\"236\" valign=\"top\">\n<p><a href=\"http:\/\/volkswagen.gomexlive.com\/vw_live_pk\/?%20target=\">7.2000 Msymb\/s<\/a><\/p>\n<\/td>\n<\/tr>\n<tr>\n<td width=\"236\" valign=\"top\">\n<p><a href=\"http:\/\/volkswagen.gomexlive.com\/vw_live_pk\/?%20target=\">FEC:<\/a><\/p>\n<\/td>\n<td width=\"236\" valign=\"top\">\n<p><a href=\"http:\/\/volkswagen.gomexlive.com\/vw_live_pk\/?%20target=\">3\/4<\/a><\/p>\n<\/td>\n<\/tr>\n<tr>\n<td width=\"236\" valign=\"top\">\n<p><a href=\"http:\/\/volkswagen.gomexlive.com\/vw_live_pk\/?%20target=\">MPEG:<\/a><\/p>\n<\/td>\n<td width=\"236\" valign=\"top\">\n<p><a href=\"http:\/\/volkswagen.gomexlive.com\/vw_live_pk\/?%20target=\">4:2:0 \/ MPEG4<\/a><\/p>\n<\/td>\n<\/tr>\n<tr>\n<td width=\"236\" valign=\"top\">\n<p><a href=\"http:\/\/volkswagen.gomexlive.com\/vw_live_pk\/?%20target=\">Encryption:<\/a><\/p>\n<\/td>\n<td width=\"236\" valign=\"top\">\n<p><a href=\"http:\/\/volkswagen.gomexlive.com\/vw_live_pk\/?%20target=\">No encryption<\/a><\/p>\n<\/td>\n<\/tr>\n<\/tbody>\n<\/table>\n","protected":false},"excerpt":{"rendered":"Informaci\u00f3n t\u00e9cnica sobre la retransmisi\u00f3n en directoLa conferencia de prensa de la marca Volkswagen se retransmitir\u00e1 en directo el pr\u00f3ximo mi\u00e9rcoles, 13 de marzo de 2019, entre las 08:00am GMT \" 10:00am GMT \/ 03:00am","protected":false},"author":1,"featured_media":0,"comment_status":"open","ping_status":"open","sticky":false,"template":"","format":"standard","meta":{"_acf_changed":false,"ep_exclude_from_search":false,"footnotes":""},"categories":[279],"tags":[],"class_list":["post-25507","post","type-post","status-publish","format-standard","hentry","category-corporativo"],"acf":[],"_links":{"self":[{"href":"https:\/\/www.volkswagen.es\/comunicacion\/wp-json\/wp\/v2\/posts\/25507","targetHints":{"allow":["GET"]}}],"collection":[{"href":"https:\/\/www.volkswagen.es\/comunicacion\/wp-json\/wp\/v2\/posts"}],"about":[{"href":"https:\/\/www.volkswagen.es\/comunicacion\/wp-json\/wp\/v2\/types\/post"}],"author":[{"embeddable":true,"href":"https:\/\/www.volkswagen.es\/comunicacion\/wp-json\/wp\/v2\/users\/1"}],"replies":[{"embeddable":true,"href":"https:\/\/www.volkswagen.es\/comunicacion\/wp-json\/wp\/v2\/comments?post=25507"}],"version-history":[{"count":1,"href":"https:\/\/www.volkswagen.es\/comunicacion\/wp-json\/wp\/v2\/posts\/25507\/revisions"}],"predecessor-version":[{"id":26192,"href":"https:\/\/www.volkswagen.es\/comunicacion\/wp-json\/wp\/v2\/posts\/25507\/revisions\/26192"}],"wp:attachment":[{"href":"https:\/\/www.volkswagen.es\/comunicacion\/wp-json\/wp\/v2\/media?parent=25507"}],"wp:term":[{"taxonomy":"category","embeddable":true,"href":"https:\/\/www.volkswagen.es\/comunicacion\/wp-json\/wp\/v2\/categories?post=25507"},{"taxonomy":"post_tag","embeddable":true,"href":"https:\/\/www.volkswagen.es\/comunicacion\/wp-json\/wp\/v2\/tags?post=25507"}],"curies":[{"name":"wp","href":"https:\/\/api.w.org\/{rel}","templated":true}]}}