{"id":25483,"date":"2019-02-25T00:00:00","date_gmt":"2019-02-25T00:00:00","guid":{"rendered":"https:\/\/www.volkswagen.es\/2019\/02\/25\/apuesta-por-los-servicios-digitales-volkswagen-presenta-la-plataforma-digital-we-en-el-mobile-world-congress\/"},"modified":"2021-11-24T10:45:49","modified_gmt":"2021-11-24T10:45:49","slug":"apuesta-por-los-servicios-digitales-volkswagen-presenta-la-plataforma-digital-we-en-el-mobile-world-congress","status":"publish","type":"post","link":"https:\/\/www.volkswagen.es\/comunicacion\/apuesta-por-los-servicios-digitales-volkswagen-presenta-la-plataforma-digital-we-en-el-mobile-world-congress\/","title":{"rendered":"Apuesta por los servicios digitales: Volkswagen presenta la plataforma digital We en el Mobile World Congress"},"content":{"rendered":"<p >El visitante que llegue al \u00e1rea de Volkswagen en el Hall 6 stand 6B30 en el MWC se encontrar\u00e1 con un espacio abierto donde podr\u00e1 conocer los desarrollos en los que trabaja Volkswagen en su plataforma Volkswagen We, que agrupar\u00e1 servicios digitales y aplicaciones de movilidad. Se trata de un ecosistema digital en continua evoluci\u00f3n que ofrece servicios en el autom\u00f3vil y alrededor de \u00e9ste, as\u00ed como soluciones de movilidad creadas por conexiones inteligentes entre veh\u00edculos, personas y su entorno.<\/p>\n<\/p>\n<p >Los usuarios podr\u00e1n acceder a estos servicios a trav\u00e9s de una sola identificaci\u00f3n y con un punto de acceso \u00fanico, el Volkswagen User I.D.<\/p>\n<\/p>\n<p >El ecosistema de aplicaciones de Volkswagen We<\/p>\n<p >Entre los servicios que est\u00e1n en desarrollo actualmente, y de los que Espa\u00f1a es el primer pa\u00eds piloto fuera de Alemania destacan:<\/p>\n<p ><!--[if !supportLists]--><span>&#8211;          <!--[endif]--><b>We Park<\/b>: El usuario podr\u00e1 buscar y pagar en cualquier parking, ya sea privado o un servicio de estacionamiento regulado urbano. En una primera fase se podr\u00e1 hacer desde el tel\u00e9fono m\u00f3vil a trav\u00e9s de las aplicaciones y, posteriormente, desde el coche conectado.<\/span><\/p>\n<p ><!--[if !supportLists]--><span>&#8211;          <!--[endif]--><b>We Deliver<\/b>: El repartidor, o quien preste dichos servicios, tendr\u00e1 en su smartphone un c\u00f3digo de un solo uso que le permitir\u00e1 abrir el maletero de un coche geolocalizado y dejar dentro la mercanc\u00eda. Una vez cerrado el coche, ya no podr\u00e1 volver a abrirlo.<\/span><\/p>\n<p ><!--[if !supportLists]--><span>&#8211;          <!--[endif]--><b>We Experience<\/b>: Aprender\u00e1 de las preferencias y los gustos del conductor para ofrecer recomendaciones en tiempo real a conductor y pasajeros dependiendo adem\u00e1s del entorno en el que se encuentren.<\/span><\/p>\n<p >Adem\u00e1s, en el Mobile World Congress, tambi\u00e9n tendr\u00e1 un espacio <b>We Share<\/b>, el servicio de <i>car sharing<\/i> el\u00e9ctrico que comenzar\u00e1 en Berl\u00edn con 1.500 e-Golf en el segundo trimestre de 2019.<\/p>\n<\/p>\n<p >Junto a estos, tambi\u00e9n se mostrar\u00e1 la evoluci\u00f3n de los servicios que ofrece Volkswagen actualmente para conectar los coches de sus clientes:<\/p>\n<p ><!--[if !supportLists]--><span>&#8211;          <!--[endif]--><b>We Connect:<\/b> Debuta con el nuevo Passat. Los servicios online integrados han sido completamente remodelados. Contiene los servicios ya habituales en Car-Net y otros nuevos como Online Voice Control o Mobile Key, que ofrece la posibilidad de usar el Smartphone como llave para abrir el coche y la opci\u00f3n de enviarla a amigos o familiares para que tambi\u00e9n puedan utilizar su smartphone como llave para el veh\u00edculo. Con la oferta de We Connect y el opcional We Connect+, los clientes dispondr\u00e1n de m\u00e1s servicios y comodidad en el coche desde el comienzo de su viaje. <\/span><\/p>\n<p >\n<p ><!--[if !supportLists]--><span>&#8211;          <!--[endif]--><b>Volkswagen Connect:<\/b> Para veh\u00edculos actuales o aquellos hasta el a\u00f1o modelo 2008 est\u00e1 disponible esta aplicaci\u00f3n que permite acceder a toda la informaci\u00f3n del veh\u00edculo en el Smartphone gracias a un DataPlug conectado en el coche. Ofrece servicios como localizaci\u00f3n mediante GPS, libro y an\u00e1lisis de ruta, mensajes de advertencia y realizaci\u00f3n de diagn\u00f3stico.<\/span><\/p>\n<\/p>\n<p >Espa\u00f1a, pa\u00eds piloto para Volkswagen We<\/p>\n<p >\n<p >En Espa\u00f1a actualmente ya hay m\u00e1s de 180.000 coches conectados de la marca, entre los que se incluyen los usuarios de Volkswagen Connect que han conectado su veh\u00edculo a trav\u00e9s del <i>data plug<\/i>.<\/p>\n<\/p>\n<p >\u00abCon Volkswagen We disponemos de una base s\u00f3lida para avanzar en nuestro proceso de transformaci\u00f3n para convertirnos en un proveedor de movilidad.\u00bb <span>explica Pedro Mateos, director de Experiencia de Cliente de Volkswagen Espa\u00f1a. \u00abNuestra presencia en el Mobile World Congress pone de relieve que estos servicios digitales enriquecer\u00e1n el entorno de vida de nuestros clientes para satisfacer individualmente su necesidad de movilidad\u00bb<\/span><\/p>\n<\/p>\n<p >En los pr\u00f3ximos dos a\u00f1os, todos los coches de Volkswagen vendidos en Espa\u00f1a estar\u00e1n ya conectados de serie, lo que supondr\u00e1 que en 2020 pr\u00e1cticamente todos los usuarios de un Volkswagen podr\u00e1n acceder a los servicios digitales de la plataforma Volkswagen We.<\/p>\n<\/p>\n<p >Volkswagen Espa\u00f1a, como primer pa\u00eds fuera de Alemania que pondr\u00e1 en marcha We Delivery, We Park y We Experience, tiene un lugar destacado dentro del espacio de la marca en el MWC, convirti\u00e9ndolo en un lugar de encuentro con nuevos partners locales con los que poner en marcha estos servicios. La prueba piloto se desarrollar\u00e1 a lo largo de 2019, y se recopilar\u00e1n las conclusiones para aplicarlas al ecosistema Volkswagen We en todo el mundo.<\/p>\n","protected":false},"excerpt":{"rendered":"En el espacio de Volkswagen en el MWC se realizar\u00e1n demostraciones de los servicios incluidos en la plataforma digital Volkwagen WeCasi el 100% de los veh\u00edculos de la marca en Espa\u00f1a estar\u00e1n conectados en 2020","protected":false},"author":1,"featured_media":25485,"comment_status":"open","ping_status":"open","sticky":false,"template":"","format":"standard","meta":{"_acf_changed":false,"ep_exclude_from_search":false,"footnotes":""},"categories":[299,295],"tags":[],"class_list":["post-25483","post","type-post","status-publish","format-standard","has-post-thumbnail","hentry","category-conectividad","category-uso-del-vehiculo-electrico"],"acf":[],"_links":{"self":[{"href":"https:\/\/www.volkswagen.es\/comunicacion\/wp-json\/wp\/v2\/posts\/25483","targetHints":{"allow":["GET"]}}],"collection":[{"href":"https:\/\/www.volkswagen.es\/comunicacion\/wp-json\/wp\/v2\/posts"}],"about":[{"href":"https:\/\/www.volkswagen.es\/comunicacion\/wp-json\/wp\/v2\/types\/post"}],"author":[{"embeddable":true,"href":"https:\/\/www.volkswagen.es\/comunicacion\/wp-json\/wp\/v2\/users\/1"}],"replies":[{"embeddable":true,"href":"https:\/\/www.volkswagen.es\/comunicacion\/wp-json\/wp\/v2\/comments?post=25483"}],"version-history":[{"count":2,"href":"https:\/\/www.volkswagen.es\/comunicacion\/wp-json\/wp\/v2\/posts\/25483\/revisions"}],"predecessor-version":[{"id":52462,"href":"https:\/\/www.volkswagen.es\/comunicacion\/wp-json\/wp\/v2\/posts\/25483\/revisions\/52462"}],"wp:featuredmedia":[{"embeddable":true,"href":"https:\/\/www.volkswagen.es\/comunicacion\/wp-json\/wp\/v2\/media\/25485"}],"wp:attachment":[{"href":"https:\/\/www.volkswagen.es\/comunicacion\/wp-json\/wp\/v2\/media?parent=25483"}],"wp:term":[{"taxonomy":"category","embeddable":true,"href":"https:\/\/www.volkswagen.es\/comunicacion\/wp-json\/wp\/v2\/categories?post=25483"},{"taxonomy":"post_tag","embeddable":true,"href":"https:\/\/www.volkswagen.es\/comunicacion\/wp-json\/wp\/v2\/tags?post=25483"}],"curies":[{"name":"wp","href":"https:\/\/api.w.org\/{rel}","templated":true}]}}