{"id":25480,"date":"2019-02-21T00:00:00","date_gmt":"2019-02-21T00:00:00","guid":{"rendered":"https:\/\/www.volkswagen.es\/2019\/02\/21\/exitoso-inicio-del-programa-de-pruebas-del-coche-de-carreras-electrico-id-r\/"},"modified":"2021-03-25T09:50:50","modified_gmt":"2021-03-25T09:50:50","slug":"exitoso-inicio-del-programa-de-pruebas-del-coche-de-carreras-electrico-id-r","status":"publish","type":"post","link":"https:\/\/www.volkswagen.es\/comunicacion\/exitoso-inicio-del-programa-de-pruebas-del-coche-de-carreras-electrico-id-r\/","title":{"rendered":"EXITOSO INICIO DEL PROGRAMA DE PRUEBAS DEL COCHE DE CARRERAS EL\u00c9CTRICO ID. R"},"content":{"rendered":"<p >\u00abTras el estreno en Oschersleben, las primeras pruebas en Espa\u00f1a tambi\u00e9n han ido seg\u00fan lo previsto\u00bb, dijo el director de Volkswagen Motorsport, Sven Smeets. \u00abTras batir el r\u00e9cord en Pikes Peak, es realmente emocionante ver c\u00f3mo se comporta el ID. R en un circuito de verdad. La optimizaci\u00f3n de un deportivo el\u00e9ctrico para N\u00fcrburgring supone un gran desaf\u00edo para todo el equipo. Estamos deseando volver a demostrar la fuerza de la movilidad el\u00e9ctrica, esta vez en el legendario trazado de Nordschleife\u00bb. El ID. R es el precursor deportivo de la nueva familia de productos ID. &#8211; la amplia gama de veh\u00edculos totalmente el\u00e9ctricos de Volkswagen, que se lanzar\u00e1 a partir de 2020.<\/p>\n<\/p>\n<p >La prioridad de estos cuatro d\u00edas de pruebas en Espa\u00f1a ha sido la adaptaci\u00f3n del software a bordo del ID. R que controla el equilibrio entre el freno mec\u00e1nico y la recuperaci\u00f3n de la bater\u00eda. \u00abEn un circuito controlado como el de N\u00fcrburgring-Nordschleife es posible llevar el coche mucho m\u00e1s cerca del l\u00edmite que en una carrera de monta\u00f1a como Pikes Peak\u00bb, dijo Romain Dumas. \u00abPuedo frenar con mayor fuerza y agresividad. Adaptando el software, podremos optimizar el rendimiento de los motores el\u00e9ctricos para nuestro pr\u00f3ximo intento de r\u00e9cord\u00bb.<\/p>\n<\/p>\n<p >Las pr\u00f3ximas pruebas, en solo dos semanas<\/p>\n<p >\n<p >Dumas tambi\u00e9n tuvo la oportunidad de familiarizarse con los neum\u00e1ticos Potenza del nuevo socio, Bridgestone, que el ID. R puso a prueba por primera vez en Almer\u00eda. \u00abTrabajar con Bridgestone ha sido un placer desde el primer d\u00eda\u00bb, dijo Smeets. \u00abHemos probado varias versiones de los Neum\u00e1ticos Deportivos Potenza para encontrar la mejor para el intento de r\u00e9cord de Nordschleife\u00bb. El pr\u00f3ximo paso ser\u00e1 evaluar los resultados de las pruebas y seguir optimizando el ID. R antes de que empiece la siguiente sesi\u00f3n de pruebas en dos semanas, otra vez en Almer\u00eda.  <\/p>\n","protected":false},"excerpt":{"rendered":"Los cuatro d\u00edas de pruebas en Almer\u00eda proporcionan numerosos datos nuevosEl ID. R corri\u00f3 con neum\u00e1ticos Bridgestone Potenza por primera vez en el sur de Espa\u00f1aEl intento de batir el r\u00e9cord para veh\u00edculos el\u00e9ctricos en","protected":false},"author":1,"featured_media":25482,"comment_status":"open","ping_status":"open","sticky":false,"template":"","format":"standard","meta":{"_acf_changed":false,"ep_exclude_from_search":false,"footnotes":""},"categories":[293],"tags":[],"class_list":["post-25480","post","type-post","status-publish","format-standard","has-post-thumbnail","hentry","category-familia-id"],"acf":[],"_links":{"self":[{"href":"https:\/\/www.volkswagen.es\/comunicacion\/wp-json\/wp\/v2\/posts\/25480","targetHints":{"allow":["GET"]}}],"collection":[{"href":"https:\/\/www.volkswagen.es\/comunicacion\/wp-json\/wp\/v2\/posts"}],"about":[{"href":"https:\/\/www.volkswagen.es\/comunicacion\/wp-json\/wp\/v2\/types\/post"}],"author":[{"embeddable":true,"href":"https:\/\/www.volkswagen.es\/comunicacion\/wp-json\/wp\/v2\/users\/1"}],"replies":[{"embeddable":true,"href":"https:\/\/www.volkswagen.es\/comunicacion\/wp-json\/wp\/v2\/comments?post=25480"}],"version-history":[{"count":1,"href":"https:\/\/www.volkswagen.es\/comunicacion\/wp-json\/wp\/v2\/posts\/25480\/revisions"}],"predecessor-version":[{"id":26194,"href":"https:\/\/www.volkswagen.es\/comunicacion\/wp-json\/wp\/v2\/posts\/25480\/revisions\/26194"}],"wp:featuredmedia":[{"embeddable":true,"href":"https:\/\/www.volkswagen.es\/comunicacion\/wp-json\/wp\/v2\/media\/25482"}],"wp:attachment":[{"href":"https:\/\/www.volkswagen.es\/comunicacion\/wp-json\/wp\/v2\/media?parent=25480"}],"wp:term":[{"taxonomy":"category","embeddable":true,"href":"https:\/\/www.volkswagen.es\/comunicacion\/wp-json\/wp\/v2\/categories?post=25480"},{"taxonomy":"post_tag","embeddable":true,"href":"https:\/\/www.volkswagen.es\/comunicacion\/wp-json\/wp\/v2\/tags?post=25480"}],"curies":[{"name":"wp","href":"https:\/\/api.w.org\/{rel}","templated":true}]}}