{"id":25477,"date":"2019-02-18T00:00:00","date_gmt":"2019-02-18T00:00:00","guid":{"rendered":"https:\/\/www.volkswagen.es\/2019\/02\/18\/el-volkswagen-id-sera-pionero-en-movilidad-sostenible\/"},"modified":"2021-11-24T12:39:16","modified_gmt":"2021-11-24T12:39:16","slug":"el-volkswagen-id-sera-pionero-en-movilidad-sostenible","status":"publish","type":"post","link":"https:\/\/www.volkswagen.es\/comunicacion\/el-volkswagen-id-sera-pionero-en-movilidad-sostenible\/","title":{"rendered":"El Volkswagen ID. ser\u00e1 pionero en movilidad sostenible"},"content":{"rendered":"<p >\u00abEl cambio clim\u00e1tico es el mayor desaf\u00edo de nuestro tiempo\u00bb, dijo Thomas Ulbrich, responsable de Movilidad El\u00e9ctrica del Comit\u00e9 Ejecutivo de la marca Volkswagen. \u00abComo el mayor fabricante de coches del mundo, Volkswagen asume su responsabilidad: el nuevo ID. ser\u00e1 el primer coche el\u00e9ctrico clim\u00e1ticamente neutro producido por el Grupo. Para garantizar cero emisiones a lo largo de su ciclo de vida, estamos trabajando en distintos m\u00e9todos de utilizaci\u00f3n de energ\u00eda verde. La movilidad verdaderamente sostenible es factible si todos la deseamos y trabajamos en ella\u00bb.<\/p>\n<\/p>\n<p >El Consejo de Sostenibilidad del Grupo Volkswagen apoya el compromiso<\/p>\n<\/p>\n<p >Georg Kell, miembro fundador del Pacto Global de la ONU y portavoz del Consejo de Sostenibilidad del Grupo Volkswagen, dijo: \u00abLas emisiones de CO2 producidas por los humanos deben reducirse lo m\u00e1s r\u00e1pido posible. Desde su fundaci\u00f3n, el Consejo de Sostenibilidad de Volkswagen ha trabajado duramente para garantizar que la compa\u00f1\u00eda convierta la protecci\u00f3n del medio ambiente en una de sus prioridades estrat\u00e9gicas. Volkswagen ha tomado la buena direcci\u00f3n con su ofensiva el\u00e9ctrica y el nuevo ID. Es hora de poner este plan en marcha de forma decisiva\u00bb. <\/p>\n<\/p>\n<p >Energ\u00eda verde de las bater\u00edas a la carga<\/p>\n<p >\n<p >Para el ID., Volkswagen ha focalizado toda su cadena de valor en el objetivo de evitar y reducir las emisiones de CO2. Las bater\u00edas se producir\u00e1n en Europa y la energ\u00eda vendr\u00e1 de fuentes sostenibles. Con la ayuda de proveedores directos e indirectos, se est\u00e1n estudiando m\u00e1s ahorros potenciales en la cadena de suministros que se extienden hasta la producci\u00f3n de materias primas. La planta de Zwickau ya est\u00e1 usando energ\u00eda producida externamente por fuentes sostenibles. Las emisiones inevitables generadas por el proceso de fabricaci\u00f3n se ver\u00e1n compensadas por las inversiones en proyectos medioambientales certificados. De esta manera, desde el principio la fabricaci\u00f3n del ID. ser\u00e1 neutra desde el punto de vista del CO2.<\/p>\n<\/p>\n<p >Para la recarga, Volkswagen recomienda el uso de energ\u00eda producida por fuentes renovables, como la energ\u00eda e\u00f3lica o la energ\u00eda hidr\u00e1ulica. La nueva filial de Volkswagen, Elli, empez\u00f3 hace poco a ofrecer electricidad producida de forma regenerativa llamada Volkswagen Naturstrom\u00ae. La red de carga r\u00e1pida IONITY, creada por Volkswagen y otros fabricantes, ofrecer\u00e1 energ\u00eda verde en cerca de 400 puntos de carga de autopistas europeas &#8211; donde haya disponibilidad.<\/p>\n<\/p>\n<p >Volkswagen da la bienvenida ala transformaci\u00f3n energ\u00e9tica de Alemania<\/p>\n<\/p>\n<p >Porque los coches el\u00e9ctricos solo son limpios en la medida que tambi\u00e9n lo sea la energ\u00eda empleada para producirlos y cargarlos, Volkswagen apoya abiertamente la transici\u00f3n energ\u00e9tica a fuentes de energ\u00eda renovables planeada por Alemania. Incluso m\u00e1s all\u00e1 de la transformaci\u00f3n de la energ\u00eda, el gran paso hacia delante de la movilidad el\u00e9ctrica solo podr\u00e1 darse desde una alianza con los l\u00edderes pol\u00edticos. Desde la legislaci\u00f3n de propiedad residencial hasta la expansi\u00f3n de la infraestructura de carga, el objetivo deber\u00eda ser retirar lo antes posible las barreras que hoy obstaculizan el camino de los coches el\u00e9ctricos.<\/p>\n<\/p>\n<p >Volkswagen quiere hacer coches el\u00e9ctricos atractivos y asequibles para tantas personas como sea posible. El compacto ID.<span>? saldr\u00e1 de la cadena de montaje de Zwickau a partir de finales de 2019. El SUV ID. CROZZ?, el ID. BUZZ<span>? y el sed\u00e1n ID. VIZZION<span>? seguir\u00e1n sus pasos poco despu\u00e9s. Por si sola, la marca Volkswagen tiene previsto invertir 9.000 millones de euros en movilidad el\u00e9ctrica hasta 2023.<\/span><\/span><\/span><\/p>\n<\/p>\n<p >M\u00e1s informaci\u00f3n, fotograf\u00edas e infograf\u00edas disponibles en <a href=\"http:\/\/www.volkswagen-newsroom.com\/\">www.volkswagen-newsroom.com<\/a><\/p>\n<\/p>\n<p><span> <\/span><\/p>\n<p ><span>1. Prototipo cercano a la producci\u00f3n en serie<\/span><\/p>\n<p><span> <\/span><\/p>\n","protected":false},"excerpt":{"rendered":"El coche el\u00e9ctrico de nueva generaci\u00f3n reducir\u00e1 la huella de carbono, con un efecto positivo para el clima de m\u00e1s de un mill\u00f3n de toneladas de CO2 al a\u00f1oThomas Ulbrich, miembro del Comit\u00e9 Ejecutivo de","protected":false},"author":1,"featured_media":25479,"comment_status":"open","ping_status":"open","sticky":false,"template":"","format":"standard","meta":{"_acf_changed":false,"ep_exclude_from_search":false,"footnotes":""},"categories":[295],"tags":[],"class_list":["post-25477","post","type-post","status-publish","format-standard","has-post-thumbnail","hentry","category-uso-del-vehiculo-electrico"],"acf":[],"_links":{"self":[{"href":"https:\/\/www.volkswagen.es\/comunicacion\/wp-json\/wp\/v2\/posts\/25477","targetHints":{"allow":["GET"]}}],"collection":[{"href":"https:\/\/www.volkswagen.es\/comunicacion\/wp-json\/wp\/v2\/posts"}],"about":[{"href":"https:\/\/www.volkswagen.es\/comunicacion\/wp-json\/wp\/v2\/types\/post"}],"author":[{"embeddable":true,"href":"https:\/\/www.volkswagen.es\/comunicacion\/wp-json\/wp\/v2\/users\/1"}],"replies":[{"embeddable":true,"href":"https:\/\/www.volkswagen.es\/comunicacion\/wp-json\/wp\/v2\/comments?post=25477"}],"version-history":[{"count":2,"href":"https:\/\/www.volkswagen.es\/comunicacion\/wp-json\/wp\/v2\/posts\/25477\/revisions"}],"predecessor-version":[{"id":52492,"href":"https:\/\/www.volkswagen.es\/comunicacion\/wp-json\/wp\/v2\/posts\/25477\/revisions\/52492"}],"wp:featuredmedia":[{"embeddable":true,"href":"https:\/\/www.volkswagen.es\/comunicacion\/wp-json\/wp\/v2\/media\/25479"}],"wp:attachment":[{"href":"https:\/\/www.volkswagen.es\/comunicacion\/wp-json\/wp\/v2\/media?parent=25477"}],"wp:term":[{"taxonomy":"category","embeddable":true,"href":"https:\/\/www.volkswagen.es\/comunicacion\/wp-json\/wp\/v2\/categories?post=25477"},{"taxonomy":"post_tag","embeddable":true,"href":"https:\/\/www.volkswagen.es\/comunicacion\/wp-json\/wp\/v2\/tags?post=25477"}],"curies":[{"name":"wp","href":"https:\/\/api.w.org\/{rel}","templated":true}]}}