{"id":25470,"date":"2019-02-14T00:00:00","date_gmt":"2019-02-14T00:00:00","guid":{"rendered":"https:\/\/www.volkswagen.es\/2019\/02\/14\/estreno-en-el-salon-de-ginebra-el-volkswagen-t-roc-r-tope-de-gama\/"},"modified":"2021-02-21T16:04:46","modified_gmt":"2021-02-21T16:04:46","slug":"estreno-en-el-salon-de-ginebra-el-volkswagen-t-roc-r-tope-de-gama","status":"publish","type":"post","link":"https:\/\/www.volkswagen.es\/comunicacion\/estreno-en-el-salon-de-ginebra-el-volkswagen-t-roc-r-tope-de-gama\/","title":{"rendered":"ESTRENO EN EL SAL\u00d3N DE GINEBRA: EL VOLKSWAGEN T-ROC R TOPE DE GAMA"},"content":{"rendered":"<p >A finales de 2017, Volkswagen ampli\u00f3 su gama para incluir un crossover compacto totalmente nuevo: el T-Roc. Dimensiones limpias en el exterior, alta funcionalidad en el interior. Un veh\u00edculo polivalente con estilo, que combina el dise\u00f1o de un SUV con el dinamismo de un hatchback compacto. El T-Roc est\u00e1 en su elemento tanto en el mundo urbano como las rutas m\u00e1s bonitas del mundo.<\/p>\n<\/p>\n<p >El concepto harmonioso del T-Roc es la base de su \u00e9xito, y ya ha inspirado numerosos clientes. Desde su lanzamiento al mercado en noviembre de 2017, se han vendido cerca de 200.000 unidades alrededor del mundo. El nuevo T-Roc R ampl\u00eda el car\u00e1cter generalista del crossover compacto con una variante eminentemente deportiva, dirigida a aquellos clientes que creen que una apariencia estilizada es tan importante como un rendimiento superior durante la conducci\u00f3n.<\/p>\n<\/p>\n<p >El nuevo T-Roc R fue desarrollado y puesto a prueba por Volkswagen R en el legendario circuito de N\u00fcrburgring. El desarrollo del veh\u00edculo tambi\u00e9n se apoy\u00f3 en la experiencia como pilotos de carreras del Campe\u00f3n del Mundo de WRX, Petter Solberg, y del piloto de f\u00e1brica de Volkswagen, Benjamin Leuchter.<\/p>\n<\/p>\n<p >Volkswagen R es una filial independiente propiedad 100% de Volkswagen AG. La letra R ha significado \u00abRacing\u00bb desde su primer modelo, el Golf R32, y expresa su cercan\u00eda con el mundo de los deportes de motor.<\/p>\n<\/p>\n<p ><a href=\"https:\/\/www.youtube.com\/watch?v=HTF4XvSBJyM\">V\u00eddeo del nuevo T-Roc R.<\/a><\/p>\n<p><span> <\/span><\/p>\n<p ><span>1. Prototipo.<\/span><\/p>\n<p><span> <\/span><\/p>\n","protected":false},"excerpt":{"rendered":"El prototipo, cercano a la producci\u00f3n en serie, es una nueva versi\u00f3n del alto rendimiento del compacto T-RocDise\u00f1o deportivo \"R\", con un frontal y una trasera redise\u00f1adosEl T-Roc R? combina estilo y rendimientoEn el Sal\u00f3n","protected":false},"author":1,"featured_media":25473,"comment_status":"open","ping_status":"open","sticky":false,"template":"","format":"standard","meta":{"_acf_changed":false,"ep_exclude_from_search":false,"footnotes":""},"categories":[223],"tags":[],"class_list":["post-25470","post","type-post","status-publish","format-standard","has-post-thumbnail","hentry","category-t-roc-r"],"acf":[],"_links":{"self":[{"href":"https:\/\/www.volkswagen.es\/comunicacion\/wp-json\/wp\/v2\/posts\/25470","targetHints":{"allow":["GET"]}}],"collection":[{"href":"https:\/\/www.volkswagen.es\/comunicacion\/wp-json\/wp\/v2\/posts"}],"about":[{"href":"https:\/\/www.volkswagen.es\/comunicacion\/wp-json\/wp\/v2\/types\/post"}],"author":[{"embeddable":true,"href":"https:\/\/www.volkswagen.es\/comunicacion\/wp-json\/wp\/v2\/users\/1"}],"replies":[{"embeddable":true,"href":"https:\/\/www.volkswagen.es\/comunicacion\/wp-json\/wp\/v2\/comments?post=25470"}],"version-history":[{"count":1,"href":"https:\/\/www.volkswagen.es\/comunicacion\/wp-json\/wp\/v2\/posts\/25470\/revisions"}],"predecessor-version":[{"id":48256,"href":"https:\/\/www.volkswagen.es\/comunicacion\/wp-json\/wp\/v2\/posts\/25470\/revisions\/48256"}],"wp:featuredmedia":[{"embeddable":true,"href":"https:\/\/www.volkswagen.es\/comunicacion\/wp-json\/wp\/v2\/media\/25473"}],"wp:attachment":[{"href":"https:\/\/www.volkswagen.es\/comunicacion\/wp-json\/wp\/v2\/media?parent=25470"}],"wp:term":[{"taxonomy":"category","embeddable":true,"href":"https:\/\/www.volkswagen.es\/comunicacion\/wp-json\/wp\/v2\/categories?post=25470"},{"taxonomy":"post_tag","embeddable":true,"href":"https:\/\/www.volkswagen.es\/comunicacion\/wp-json\/wp\/v2\/tags?post=25470"}],"curies":[{"name":"wp","href":"https:\/\/api.w.org\/{rel}","templated":true}]}}