{"id":25463,"date":"2019-02-06T00:00:00","date_gmt":"2019-02-06T00:00:00","guid":{"rendered":"https:\/\/www.volkswagen.es\/2019\/02\/06\/estreno-en-el-salon-del-automovil-de-ginebra-el-nuevo-passat83211-sera-el-primer-volkswagen-en-ofrecer-conduccion-semiautonoma-a-velocidad-de-crucero\/"},"modified":"2021-03-25T09:52:10","modified_gmt":"2021-03-25T09:52:10","slug":"estreno-en-el-salon-del-automovil-de-ginebra-el-nuevo-passat83211-sera-el-primer-volkswagen-en-ofrecer-conduccion-semiautonoma-a-velocidad-de-crucero","status":"publish","type":"post","link":"https:\/\/www.volkswagen.es\/comunicacion\/estreno-en-el-salon-del-automovil-de-ginebra-el-nuevo-passat83211-sera-el-primer-volkswagen-en-ofrecer-conduccion-semiautonoma-a-velocidad-de-crucero\/","title":{"rendered":"ESTRENO EN EL SAL\u00d3N DEL AUTOM\u00d3VIL DE GINEBRA: EL NUEVO PASSAT&amp;#8321(1) SER\u00c1 EL PRIMER VOLKSWAGEN EN OFRECER CONDUCCI\u00d3N SEMIAUT\u00d3NOMA A VELOCIDAD DE CRUCERO"},"content":{"rendered":"<p >\u00abTravel Assist\u00bb celebrar\u00e1 su estreno mundial en el Passat. Con un debut en paralelo en las versiones berlina y familiar, el Passat ser\u00e1 el primer Volkswagen con capacidad para la conducci\u00f3n semiaut\u00f3noma a cualquier velocidad (de 0 a 210 km\/h) con el nuevo sistema IQ.DRIVE. Adem\u00e1s, el nuevo Passat tambi\u00e9n ser\u00e1 el primer modelo de la marca en todo el mundo con volante capacitivo. Este detecta el toque del conductor, proporcionando una interfaz interactiva para sistemas como Travel Assist. Otra nueva funci\u00f3n del Passat es la \u00abDirecci\u00f3n Asistida de Emergencia\u00bb, que incrementa la seguridad durante la realizaci\u00f3n de maniobras evasivas mediante acciones de frenado. Los nuevos e interactivos \u00abIQ.LIGHT &#8211; faros matriciales LED\u00bb convierten la noche en d\u00eda &#8211; hasta ahora, esta innovadora tecnolog\u00eda estaba exclusivamente disponible en el Touareg.<\/p>\n<\/p>\n<p >La tercera generaci\u00f3n de la Plataforma de Infoentretenimiento Modular (MIB3) tambi\u00e9n celebrar\u00e1 su estreno junto al Passat. App Connect &#8211; la interfaz para la integraci\u00f3n de aplicaciones de smartphone &#8211; ofrece por lo tanto la integraci\u00f3n inal\u00e1mbrica de aplicaciones de iPhone a trav\u00e9s de Apple CarPlay(TM), por primera vez en un Volkswagen. Si se desea, ahora el Passat puede estar conectado de forma permanente gracias a la MIB3, ya que los nuevos sistemas de infoentretenimiento vienen con una tarjeta SIM integrada de serie. Adem\u00e1s de servicios de navegaci\u00f3n mejorados con informaci\u00f3n en tiempo real, esto incluye nuevas tecnolog\u00edas y ofertas, servicios de streaming de m\u00fasica, radio por Internet, control de voz natural (basado en Internet), uso fluido de los servicios en l\u00ednea de \u00abVolkswagen We\u00bb y la futura configuraci\u00f3n port\u00e1til del veh\u00edculo basada en la nube. Tambi\u00e9n ser\u00e1 posible usar los primeros smartphones como \u00abllave m\u00f3vil\u00bb para abrir y arrancar el Passat.<\/p>\n<\/p>\n<p >La MIB3 est\u00e1 estrechamente integrada con el nuevo Digital Cockpit. El panel de instrumentos digital ha sido mejorado de forma considerable respecto al sistema anterior. La pantalla con gr\u00e1ficos de alto contraste mejorados ofrece una imagen n\u00edtida y de alta calidad. Tres configuraciones distintas son ahora personalizables con un solo bot\u00f3n a trav\u00e9s del nuevo volante multifunci\u00f3n.<\/p>\n<\/p>\n<p >La autonom\u00eda tambi\u00e9n se ha mejorado. Un ejemplo perfecto de ello es el Passat GTE &#8211; el modelo h\u00edbrido enchufable de la gama: su autonom\u00eda el\u00e9ctrica se ver\u00e1 considerablemente ampliada. Esta ser\u00e1 ahora de 55 km? en el nuevo ciclo WLTP, lo que equivale a 70 km? en ciclo NEDC. Al mismo tiempo, la combinaci\u00f3n de motor el\u00e9ctrico y motor turboalimentado (160 kW \/ 218 CV) significa que el Passat GTE proporciona todas las ventajas de un veh\u00edculo de larga distancia, c\u00f3modo y seguro. El Passat GTE ya cumple con los l\u00edmites fijados por la normativa de emisiones Euro 6d, que se aplica a los nuevos veh\u00edculos a partir de 2021. Todas las dem\u00e1s unidades TSI y TDI cumplen con los requisitos de la normativa de emisiones Euro 6d-TEMP. Adem\u00e1s, todo nuevo Passat &#8211; tenga motor de gasolina o di\u00e9sel &#8211; estar\u00e1 equipado con un filtro de part\u00edculas.<\/p>\n<\/p>\n<p >Puede encontrarse m\u00e1s informaci\u00f3n sobre el nuevo Passat en www.volkswagen-newsroom.com.<\/p>\n<p >\n<p ><!--[if !supportLists]--><sup>1) <\/sup> <!--[endif]-->Prototipo<\/p>\n<p ><!--[if !supportLists]--><sup>2) <\/sup> <!--[endif]-->Los datos sobre autonom\u00eda, consumo de carburante y emisiones son valores basados en previsiones<\/p>\n","protected":false},"excerpt":{"rendered":"Venta anticipada a partir de mayo: la actualizaci\u00f3n t\u00e9cnica en profundidad del bestseller abre una ventana al futuro de la l\u00ednea de productoEstreno en el Passat: la nueva funci\u00f3n \"Travel Assist\" permite una conducci\u00f3n semiaut\u00f3noma","protected":false},"author":1,"featured_media":25465,"comment_status":"open","ping_status":"open","sticky":false,"template":"","format":"standard","meta":{"_acf_changed":false,"ep_exclude_from_search":false,"footnotes":""},"categories":[224],"tags":[],"class_list":["post-25463","post","type-post","status-publish","format-standard","has-post-thumbnail","hentry","category-passat-passat"],"acf":[],"_links":{"self":[{"href":"https:\/\/www.volkswagen.es\/comunicacion\/wp-json\/wp\/v2\/posts\/25463","targetHints":{"allow":["GET"]}}],"collection":[{"href":"https:\/\/www.volkswagen.es\/comunicacion\/wp-json\/wp\/v2\/posts"}],"about":[{"href":"https:\/\/www.volkswagen.es\/comunicacion\/wp-json\/wp\/v2\/types\/post"}],"author":[{"embeddable":true,"href":"https:\/\/www.volkswagen.es\/comunicacion\/wp-json\/wp\/v2\/users\/1"}],"replies":[{"embeddable":true,"href":"https:\/\/www.volkswagen.es\/comunicacion\/wp-json\/wp\/v2\/comments?post=25463"}],"version-history":[{"count":1,"href":"https:\/\/www.volkswagen.es\/comunicacion\/wp-json\/wp\/v2\/posts\/25463\/revisions"}],"predecessor-version":[{"id":26196,"href":"https:\/\/www.volkswagen.es\/comunicacion\/wp-json\/wp\/v2\/posts\/25463\/revisions\/26196"}],"wp:featuredmedia":[{"embeddable":true,"href":"https:\/\/www.volkswagen.es\/comunicacion\/wp-json\/wp\/v2\/media\/25465"}],"wp:attachment":[{"href":"https:\/\/www.volkswagen.es\/comunicacion\/wp-json\/wp\/v2\/media?parent=25463"}],"wp:term":[{"taxonomy":"category","embeddable":true,"href":"https:\/\/www.volkswagen.es\/comunicacion\/wp-json\/wp\/v2\/categories?post=25463"},{"taxonomy":"post_tag","embeddable":true,"href":"https:\/\/www.volkswagen.es\/comunicacion\/wp-json\/wp\/v2\/tags?post=25463"}],"curies":[{"name":"wp","href":"https:\/\/api.w.org\/{rel}","templated":true}]}}