{"id":25460,"date":"2019-01-31T00:00:00","date_gmt":"2019-01-31T00:00:00","guid":{"rendered":"https:\/\/www.volkswagen.es\/2019\/01\/31\/el-buggy-ha-vuelto-y-ahora-es-electrico\/"},"modified":"2021-11-25T12:21:33","modified_gmt":"2021-11-25T12:21:33","slug":"el-buggy-ha-vuelto-y-ahora-es-electrico","status":"publish","type":"post","link":"https:\/\/www.volkswagen.es\/comunicacion\/el-buggy-ha-vuelto-y-ahora-es-electrico\/","title":{"rendered":"El Buggy ha vuelto \u00a1Y ahora es el\u00e9ctrico!"},"content":{"rendered":"<p ><a name=\"_Hlk536526397\">\u00abUn buggy es m\u00e1s que un coche. Es vitalidad y energ\u00eda sobre cuatro ruedas. Estos atributos se materializan en el nuevo e-buggy, que demuestra por una parte el aspecto que puede tener una reinterpretaci\u00f3n moderna y no retro de un cl\u00e1sico, y por otra el v\u00ednculo emocional que puede crear la movilidad el\u00e9ctrica\u00bb, asegura Klaus Bischoff, Dise\u00f1ador Jefe de Volkswagen.<\/a><\/p>\n<p >El prototipo del buggy completamente el\u00e9ctrico est\u00e1 basado en los hist\u00f3ricos predecesores que encontraron su hogar en California. Entonces, el chasis del Beetle serv\u00eda de base; ahora, la plataforma MEB demuestra ser igual de flexible. Fiel al estilo original, esta reinterpretaci\u00f3n de un verdadero buggy no tiene techo fijo ni puertas convencionales, mientras que las cuatro ruedas independientes con neum\u00e1ticos off-road y alf\u00e9izares laterales abiertos dominan la imagen global.<\/p>\n<p >El nuevo prototipo demuestra que esta plataforma completamente el\u00e9ctrica MEB se puede usar para m\u00e1s opciones que los modelos de producci\u00f3n en serie a gran escala. Al igual que el chasis del Beetle de anta\u00f1o, la plataforma modular el\u00e9ctrica tiene el potencial de facilitar el desarrollo de gamas nicho de bajo volumen.<\/p>\n<p >La historia que une los veh\u00edculos para el ocio y la tecnolog\u00eda de Volkswagen es larga: desde el Beetle descapotable y las carrocer\u00edas especiales producidas por compa\u00f1\u00edas como Hebm\u00fcller y Rometsch, hasta los dise\u00f1os completamente abiertos adoptados por el buggy Meyers Manx, el chasis del Beetle permiti\u00f3 soluciones personalizadas creativas -y a veces exclusivas- durante d\u00e9cadas. Hasta los a\u00f1os 80 se fabricaron alrededor de 250.000 unidades como modelos \u00fanicos o gamas de volumen muy bajo.<\/p>\n<p >El \u00faltimo modelo exclusivo, el prototipo de buggy completamente el\u00e9ctrico, ser\u00e1 desvelado por primera vez en el 89\u00ba Sal\u00f3n Internacional del Autom\u00f3vil de Ginebra (del 7 al 17 de marzo de 2019). La rueda de prensa de Volkswagen empezar\u00e1 a las 10:20 horas del 5 de marzo en el Pabell\u00f3n 2.<\/p>\n","protected":false},"excerpt":{"rendered":"Volkswagen presenta un prototipo inspirado en los legendarios buggies americanos de los a\u00f1os 60 y 70Su dise\u00f1o limpio y escultural transmite lo que significa el simple hecho de sentarse al volante y disfrutarEstreno mundial en","protected":false},"author":1,"featured_media":25462,"comment_status":"open","ping_status":"open","sticky":false,"template":"","format":"standard","meta":{"_acf_changed":false,"ep_exclude_from_search":false,"footnotes":""},"categories":[267],"tags":[],"class_list":["post-25460","post","type-post","status-publish","format-standard","has-post-thumbnail","hentry","category-concept-cars-concept-cars"],"acf":[],"_links":{"self":[{"href":"https:\/\/www.volkswagen.es\/comunicacion\/wp-json\/wp\/v2\/posts\/25460","targetHints":{"allow":["GET"]}}],"collection":[{"href":"https:\/\/www.volkswagen.es\/comunicacion\/wp-json\/wp\/v2\/posts"}],"about":[{"href":"https:\/\/www.volkswagen.es\/comunicacion\/wp-json\/wp\/v2\/types\/post"}],"author":[{"embeddable":true,"href":"https:\/\/www.volkswagen.es\/comunicacion\/wp-json\/wp\/v2\/users\/1"}],"replies":[{"embeddable":true,"href":"https:\/\/www.volkswagen.es\/comunicacion\/wp-json\/wp\/v2\/comments?post=25460"}],"version-history":[{"count":1,"href":"https:\/\/www.volkswagen.es\/comunicacion\/wp-json\/wp\/v2\/posts\/25460\/revisions"}],"predecessor-version":[{"id":52533,"href":"https:\/\/www.volkswagen.es\/comunicacion\/wp-json\/wp\/v2\/posts\/25460\/revisions\/52533"}],"wp:featuredmedia":[{"embeddable":true,"href":"https:\/\/www.volkswagen.es\/comunicacion\/wp-json\/wp\/v2\/media\/25462"}],"wp:attachment":[{"href":"https:\/\/www.volkswagen.es\/comunicacion\/wp-json\/wp\/v2\/media?parent=25460"}],"wp:term":[{"taxonomy":"category","embeddable":true,"href":"https:\/\/www.volkswagen.es\/comunicacion\/wp-json\/wp\/v2\/categories?post=25460"},{"taxonomy":"post_tag","embeddable":true,"href":"https:\/\/www.volkswagen.es\/comunicacion\/wp-json\/wp\/v2\/tags?post=25460"}],"curies":[{"name":"wp","href":"https:\/\/api.w.org\/{rel}","templated":true}]}}