{"id":25437,"date":"2018-12-18T00:00:00","date_gmt":"2018-12-18T00:00:00","guid":{"rendered":"https:\/\/www.volkswagen.es\/2018\/12\/18\/volkswagen-lanza-el-nuevo-t-cross-en-espana\/"},"modified":"2018-12-18T00:00:00","modified_gmt":"2018-12-18T00:00:00","slug":"volkswagen-lanza-el-nuevo-t-cross-en-espana","status":"publish","type":"post","link":"https:\/\/www.volkswagen.es\/comunicacion\/volkswagen-lanza-el-nuevo-t-cross-en-espana\/","title":{"rendered":"VOLKSWAGEN LANZA EL NUEVO T-CROSS EN ESPA\u00d1A"},"content":{"rendered":"<p >El nuevo Volkswagen T-Cross, que se posiciona como nuevo modelo de referencia en el segmento de los SUV peque\u00f1os, est\u00e1 disponible en Espa\u00f1a con tres acabados. La versi\u00f3n Edition, de entrada a la gama, incluye de serie los sistemas Lane Assist y Front Assist, adem\u00e1s del volante multifunci\u00f3n. El acabado Advance a\u00f1ade, entre otras cosas, el climatizador Climatronic, el volante de cuero y los sensores de aparcamiento delanteros y traseros \u00abPark Pilot\u00bb. Finalmente, el acabado superior Sport a\u00f1ade a su equipamiento de serie elementos como los faros LED diurnos y de carretera, la c\u00e1mara trasera \u00abRear View\u00bb y el Digital Cockpit.<\/p>\n<\/p>\n<p >Los motores disponibles para el Volkswagen T-Cross son el 1.0 TSI de 70 kW (95 CV), que se combina con un caja de cambios manual de 5 velocidades, y el 1.0 TSI de 85 kW (115 CV), que est\u00e1 disponible a partir del acabado Advance y permite elegir entre una caja de cambios manual de 6 velocidades y una DSG de 7 velocidades. A partir de marzo de 2019, Volkswagen a\u00f1adir\u00e1 un motor di\u00e9sel 1.6 TDI de 70 kW (95 CV) con caja de cambios de 5 velocidades para los acabados Advance y Sport.<\/p>\n<\/p>\n<p >Edici\u00f3n limitada T-Cross First Edition<\/p>\n<p >Para los primeros 300 clientes que quieran disfrutar del nuevo T-Cross, Volkswagen ofrece una edici\u00f3n limitada totalmente equipada: el T-Cross First Edition. Partiendo del acabado Sport con motor 1.0 TSI de 85 kW (115 CV) Manual 6 velocidades, la versi\u00f3n destaca por el paquete Design Negro: llantas de aleaci\u00f3n ligera Funchal de 18 pulgadas en Black Admantium, lunas laterales y luna trasera tintadas, carcasas de retrovisores exteriores en negro, tapizado de asientos en dise\u00f1o Diag, apoyos lumbares en los asientos delanteros e inserciones decorativas en negro\/gris en el tablero de instrumentos. A la vez, incluye detalles exclusivos como el adhesivo decorativo en el pilar C y el sistema de sonido Beats. El Light Assist y el navegador Discover Media completan el atractivo equipamiento del T-Cross First Edition.<\/p>\n<\/p>\n<p >El precio del nuevo Volkswagen T-Cross en Espa\u00f1a es de 17.600 \u20ac, descuentos y campa\u00f1as incluidos.<\/p>\n<\/p>\n<p >El precio del nuevo Volkswagen T-Cross First Edition en Espa\u00f1a es de 22.500 \u20ac, descuentos y campa\u00f1as incluidos.<\/p><\/p>\n","protected":false},"excerpt":{"rendered":"La marca ya acepta los primeros pedidos de su nuevo y vers\u00e1til SUV compactoCon motivo del lanzamiento, Volkswagen lanza una edici\u00f3n limitada de 300 unidades, llamada T-Cross First Edition y que incluye un paquete de","protected":false},"author":1,"featured_media":25440,"comment_status":"open","ping_status":"open","sticky":false,"template":"","format":"standard","meta":{"_acf_changed":false,"ep_exclude_from_search":false,"footnotes":""},"categories":[201],"tags":[],"class_list":["post-25437","post","type-post","status-publish","format-standard","has-post-thumbnail","hentry","category-t-cross"],"acf":[],"_links":{"self":[{"href":"https:\/\/www.volkswagen.es\/comunicacion\/wp-json\/wp\/v2\/posts\/25437","targetHints":{"allow":["GET"]}}],"collection":[{"href":"https:\/\/www.volkswagen.es\/comunicacion\/wp-json\/wp\/v2\/posts"}],"about":[{"href":"https:\/\/www.volkswagen.es\/comunicacion\/wp-json\/wp\/v2\/types\/post"}],"author":[{"embeddable":true,"href":"https:\/\/www.volkswagen.es\/comunicacion\/wp-json\/wp\/v2\/users\/1"}],"replies":[{"embeddable":true,"href":"https:\/\/www.volkswagen.es\/comunicacion\/wp-json\/wp\/v2\/comments?post=25437"}],"version-history":[{"count":0,"href":"https:\/\/www.volkswagen.es\/comunicacion\/wp-json\/wp\/v2\/posts\/25437\/revisions"}],"wp:featuredmedia":[{"embeddable":true,"href":"https:\/\/www.volkswagen.es\/comunicacion\/wp-json\/wp\/v2\/media\/25440"}],"wp:attachment":[{"href":"https:\/\/www.volkswagen.es\/comunicacion\/wp-json\/wp\/v2\/media?parent=25437"}],"wp:term":[{"taxonomy":"category","embeddable":true,"href":"https:\/\/www.volkswagen.es\/comunicacion\/wp-json\/wp\/v2\/categories?post=25437"},{"taxonomy":"post_tag","embeddable":true,"href":"https:\/\/www.volkswagen.es\/comunicacion\/wp-json\/wp\/v2\/tags?post=25437"}],"curies":[{"name":"wp","href":"https:\/\/api.w.org\/{rel}","templated":true}]}}