{"id":25431,"date":"2018-12-17T00:00:00","date_gmt":"2018-12-17T00:00:00","guid":{"rendered":"https:\/\/www.volkswagen.es\/2018\/12\/17\/el-volkswagen-driving-experience-2019-visitara-marruecos-andorra-y-los-principales-circuitos-espanoles\/"},"modified":"2021-02-21T16:59:15","modified_gmt":"2021-02-21T16:59:15","slug":"el-volkswagen-driving-experience-2019-visitara-marruecos-andorra-y-los-principales-circuitos-espanoles","status":"publish","type":"post","link":"https:\/\/www.volkswagen.es\/comunicacion\/el-volkswagen-driving-experience-2019-visitara-marruecos-andorra-y-los-principales-circuitos-espanoles\/","title":{"rendered":"EL VOLKSWAGEN DRIVING EXPERIENCE 2019 VISITAR\u00c1 MARRUECOS, ANDORRA Y LOS PRINCIPALES CIRCUITOS ESPA\u00d1OLES"},"content":{"rendered":"<p >Un a\u00f1o m\u00e1s, Volkswagen ha preparado un completo programa de conducci\u00f3n con el objetivo de formar a los conductores, sean o no clientes, al tiempo que descubren los \u00faltimos lanzamientos de la marca. Para ello, Volkswagen ha dividido el programa de conducci\u00f3n en tres tipos de cursos: Race Tour (Experiences), Escuela R y Escuela 4Motion.<\/p>\n<p >\n<p >Race Tour<\/p>\n<p >Tiene como objetivo acercar a los conductores las novedades de producto de la marca, as\u00ed como la tecnolog\u00eda que incorporan sus modelos, de manera que los participantes aprendan a sacar el m\u00e1ximo partido a todos los sistemas de ayuda a la conducci\u00f3n y seguridad.<\/p>\n<p >\n<p >Escuela R y Escuela GTI<\/p>\n<p >Es un curso de conducci\u00f3n deportiva y segura en el que los participantes podr\u00e1n mejorar sus habilidades al volante en un circuito de competici\u00f3n de la mano de instructores profesionales. La Escuela R est\u00e1 abierta a clientes y no clientes de la marca y tiene un precio que var\u00eda en funci\u00f3n del nivel del curso (Escuela GTI para conductores noveles y Escuela R Intensive para conductores m\u00e1s experimentados).<\/p>\n<p >\n<p >Escuela 4Motion<\/p>\n<p >Se centra en el aprendizaje de t\u00e9cnicas de conducci\u00f3n off road y en c\u00f3mo apoyar la conducci\u00f3n en los asistentes de seguridad activa que incorporan los veh\u00edculos Volkswagen con el objetivo de sacar el m\u00e1ximo partido a la tracci\u00f3n 4Motion. En la edici\u00f3n 2019 el curso se celebrar\u00e1 en el Circuito de Andorra sobre hielo y nieve.<\/p>\n<p >\n<p >Dentro de la Escuela 4Motion se encuadra la experiencia internacional Off-Road Adventure, que este a\u00f1o se celebrar\u00e1 en Marruecos con el Touareg como protagonista. Es un viaje exclusivo para 12 participantes que estar\u00e1n acompa\u00f1ados en todo momento por Luis Moya, embajador de la marca. El viaje tendr\u00e1 una duraci\u00f3n de seis d\u00edas y combina una experiencia de conducci\u00f3n en condiciones extremas con actividades culturales y de ocio en el pa\u00eds de destino. El precio incluye los vuelos desde Espa\u00f1a, alojamiento, dietas y traslados internos.<\/p>\n<\/p>\n<p >Volkswagen ya ha puesto las plazas a disposici\u00f3n de los interesados en la web <a href=\"http:\/\/www.drivingexperience.volkswagen.es\/\">www.drivingexperience.volkswagen.es<\/a>.<\/p>\n<p >\n<p >Calendario Volkswagen Driving Experience 2019<\/p>\n<p >\n<p ><!--[if !supportLists]--><span>&#8211;          <!--[endif]--><b>19-20 enero<\/b> Escuela 4Motion Andorra<\/span><\/p>\n<p ><!--[if !supportLists]--><span>&#8211;          <!--[endif]--><b>26-31 marzo:<\/b> Off-Road Adventure Marruecos<\/span><\/p>\n<p><b>&#8211; 25-26 mayo: <\/b>Race Tour, Escuela R y Escuela GTI Navarra\u00a0<\/p>\n<p ><!--[if !supportLists]-->&#8211;          <!--[endif]--><b>27-29 junio<\/b> Race Tour, Escuela R y Escuela GTI Jarama<\/p>\n<p ><!--[if !supportLists]-->&#8211;          <!--[endif]--><b>25-26 octubre<\/b> Race Tour, Escuela R y Escuela GTI Castellol\u00ed<\/p>\n<\/p>\n<p >Enlaces de inter\u00e9s<\/p>\n<p ><a href=\"https:\/\/drivingexperience.volkswagen.es\/escuela-4motion\/cursos\/escuela-4motion-off-road-segovia\"><span>Web Volkswagen Driving Experience<\/span><\/a><\/p><\/p>\n","protected":false},"excerpt":{"rendered":"El curso en hielo y nieve en el Circuito de Andorra abrir\u00e1 la temporada el fin de semana del 19 de eneroEl programa incluye una exclusiva experiencia de conducci\u00f3n en Marruecos al volante del nuevo","protected":false},"author":1,"featured_media":25434,"comment_status":"open","ping_status":"open","sticky":false,"template":"","format":"standard","meta":{"_acf_changed":false,"ep_exclude_from_search":false,"footnotes":""},"categories":[291,290,289],"tags":[],"class_list":["post-25431","post","type-post","status-publish","format-standard","has-post-thumbnail","hentry","category-cursos-en-circuito","category-escuela-4motion","category-race-tour"],"acf":[],"_links":{"self":[{"href":"https:\/\/www.volkswagen.es\/comunicacion\/wp-json\/wp\/v2\/posts\/25431","targetHints":{"allow":["GET"]}}],"collection":[{"href":"https:\/\/www.volkswagen.es\/comunicacion\/wp-json\/wp\/v2\/posts"}],"about":[{"href":"https:\/\/www.volkswagen.es\/comunicacion\/wp-json\/wp\/v2\/types\/post"}],"author":[{"embeddable":true,"href":"https:\/\/www.volkswagen.es\/comunicacion\/wp-json\/wp\/v2\/users\/1"}],"replies":[{"embeddable":true,"href":"https:\/\/www.volkswagen.es\/comunicacion\/wp-json\/wp\/v2\/comments?post=25431"}],"version-history":[{"count":1,"href":"https:\/\/www.volkswagen.es\/comunicacion\/wp-json\/wp\/v2\/posts\/25431\/revisions"}],"predecessor-version":[{"id":48289,"href":"https:\/\/www.volkswagen.es\/comunicacion\/wp-json\/wp\/v2\/posts\/25431\/revisions\/48289"}],"wp:featuredmedia":[{"embeddable":true,"href":"https:\/\/www.volkswagen.es\/comunicacion\/wp-json\/wp\/v2\/media\/25434"}],"wp:attachment":[{"href":"https:\/\/www.volkswagen.es\/comunicacion\/wp-json\/wp\/v2\/media?parent=25431"}],"wp:term":[{"taxonomy":"category","embeddable":true,"href":"https:\/\/www.volkswagen.es\/comunicacion\/wp-json\/wp\/v2\/categories?post=25431"},{"taxonomy":"post_tag","embeddable":true,"href":"https:\/\/www.volkswagen.es\/comunicacion\/wp-json\/wp\/v2\/tags?post=25431"}],"curies":[{"name":"wp","href":"https:\/\/api.w.org\/{rel}","templated":true}]}}