{"id":25415,"date":"2018-12-10T00:00:00","date_gmt":"2018-12-10T00:00:00","guid":{"rendered":"https:\/\/www.volkswagen.es\/2018\/12\/10\/volkswagen-espana-pilotara-un-proyecto-internacional-de-la-plataforma-digital-volkswagen-we\/"},"modified":"2021-11-24T10:46:22","modified_gmt":"2021-11-24T10:46:22","slug":"volkswagen-espana-pilotara-un-proyecto-internacional-de-la-plataforma-digital-volkswagen-we","status":"publish","type":"post","link":"https:\/\/www.volkswagen.es\/comunicacion\/volkswagen-espana-pilotara-un-proyecto-internacional-de-la-plataforma-digital-volkswagen-we\/","title":{"rendered":"Volkswagen Espa\u00f1a pilotar\u00e1 un proyecto internacional de la plataforma digital \u00abVolkswagen We\u00bb"},"content":{"rendered":"<p>Volkswagen Espa\u00f1a ser\u00e1 la encargada de desarrollar en profundidad y adaptar, estableciendo alianzas estrat\u00e9gicas junto con empresas l\u00edderes en sus sectores, tres de los primeros servicios de \u00abVolkswagen We\u00bb: We Deliver, We Park y We Experience. Este ecosistema digital es un elemento clave en la estrategia de digitalizaci\u00f3n de Volkswagen y una de las herramientas principales para convertirse en un proveedor global de servicios de movilidad.<\/p>\n<\/p>\n<p>\u00abSer elegidos para desarrollar esta prueba piloto de Volkswagen We es una muestra de la confianza de la marca en nuestro mercado, que tiene un gran potencial para desarrollar estos servicios\u00bb, explica Pedro Mateos, director de Experiencia de Cliente de Volkswagen Espa\u00f1a. \u00abSupone un gran reto tanto desde el punto de vista del desarrollo tecnol\u00f3gico como por la necesidad de establecer, a nivel local, relaciones estrat\u00e9gicas con socios para ofrecer una experiencia completa de movilidad a los usuarios\u00bb<\/p>\n<\/p>\n<p >\n<p >\n<p >\n<p >Tres proyectos piloto en marcha<\/p>\n<p >\n<p>El equipo de Volkswagen Espa\u00f1a ya est\u00e1 trabajando en el desarrollo de este ecosistema que tendr\u00e1 a los clientes como elemento central, permiti\u00e9ndoles trasladar su experiencia de conectividad dentro del coche.<\/p>\n<\/p>\n<p>El servicio <b>We Deliver<\/b> responde a la creciente necesidad de recibir paquetes de comercio electr\u00f3nico y la dificultad de recogerlos en el domicilio porque la mayor\u00eda de la gente no est\u00e1 en casa en el momento de la entrega. We Deliver permitir\u00e1 usar el veh\u00edculo propio como punto de recogida de paquetes y mercanc\u00edas provenientes de comercio electr\u00f3nico, as\u00ed como de servicios para el coche. El repartidor, o quien preste dichos servicios, tendr\u00e1 en su smartphone un c\u00f3digo de un solo uso que le permitir\u00e1 abrir el maletero de un coche geolocalizado y dejar dentro la mercanc\u00eda. Una vez cerrado, el coche ya no podr\u00e1 volver a abrirse por el repartidor.<\/p>\n<p>Actualmente est\u00e1n en marcha negociaciones con varios socios locales y empresas de log\u00edstica con los que se va a desarrollar el servicio. <\/p>\n<\/p>\n<p>Con <b>We Park<\/b>, el usuario podr\u00e1 buscar y pagar en cualquier parking, ya sea privado o sea un servicio de estacionamiento regulado urbano. En una primera fase se podr\u00e1 hacer desde el tel\u00e9fono m\u00f3vil a trav\u00e9s de la aplicaci\u00f3n, y posteriormente desde el coche conectado, ahorrando as\u00ed tiempo en la b\u00fasqueda del parking y el pago del estacionamiento.<\/p>\n<\/p>\n<p>Por \u00faltimo, <b>We Experience<\/b> facilitar\u00e1 el d\u00eda a d\u00eda de sus usuarios, puesto que ser\u00e1 capaz de aprender de las preferencias y los gustos del conductor para ofrecer recomendaciones en tiempo real a conductor y pasajeros dependiendo adem\u00e1s del entorno en el que se encuentren: el mejor lugar donde hacer una parada u ofertas especiales que pueden encontrar en su trayecto. Para desarrollar We Experience, desde Volkswagen Espa\u00f1a han comenzado las conversaciones con algunas de las empresas de retail con mayor presencia en nuestro pa\u00eds.<\/p>\n<\/p>\n<p>La prueba piloto se desarrollar\u00e1 a lo largo de 2019, y se recopilar\u00e1n las conclusiones para aplicarlas al ecosistema \u00abVolkswagen We\u00bb en todo el mundo.<\/p>\n","protected":false},"excerpt":{"rendered":"Junto a Alemania, Espa\u00f1a es el mercado elegido para adaptar e implementar las primeras pruebas de We Park, We Deliver y We Experience Se han abierto las primeras conversaciones para buscar alianzas estrat\u00e9gicas locales y","protected":false},"author":1,"featured_media":25418,"comment_status":"open","ping_status":"open","sticky":false,"template":"","format":"standard","meta":{"_acf_changed":false,"ep_exclude_from_search":false,"footnotes":""},"categories":[299,295],"tags":[],"class_list":["post-25415","post","type-post","status-publish","format-standard","has-post-thumbnail","hentry","category-conectividad","category-uso-del-vehiculo-electrico"],"acf":[],"_links":{"self":[{"href":"https:\/\/www.volkswagen.es\/comunicacion\/wp-json\/wp\/v2\/posts\/25415","targetHints":{"allow":["GET"]}}],"collection":[{"href":"https:\/\/www.volkswagen.es\/comunicacion\/wp-json\/wp\/v2\/posts"}],"about":[{"href":"https:\/\/www.volkswagen.es\/comunicacion\/wp-json\/wp\/v2\/types\/post"}],"author":[{"embeddable":true,"href":"https:\/\/www.volkswagen.es\/comunicacion\/wp-json\/wp\/v2\/users\/1"}],"replies":[{"embeddable":true,"href":"https:\/\/www.volkswagen.es\/comunicacion\/wp-json\/wp\/v2\/comments?post=25415"}],"version-history":[{"count":2,"href":"https:\/\/www.volkswagen.es\/comunicacion\/wp-json\/wp\/v2\/posts\/25415\/revisions"}],"predecessor-version":[{"id":52463,"href":"https:\/\/www.volkswagen.es\/comunicacion\/wp-json\/wp\/v2\/posts\/25415\/revisions\/52463"}],"wp:featuredmedia":[{"embeddable":true,"href":"https:\/\/www.volkswagen.es\/comunicacion\/wp-json\/wp\/v2\/media\/25418"}],"wp:attachment":[{"href":"https:\/\/www.volkswagen.es\/comunicacion\/wp-json\/wp\/v2\/media?parent=25415"}],"wp:term":[{"taxonomy":"category","embeddable":true,"href":"https:\/\/www.volkswagen.es\/comunicacion\/wp-json\/wp\/v2\/categories?post=25415"},{"taxonomy":"post_tag","embeddable":true,"href":"https:\/\/www.volkswagen.es\/comunicacion\/wp-json\/wp\/v2\/tags?post=25415"}],"curies":[{"name":"wp","href":"https:\/\/api.w.org\/{rel}","templated":true}]}}