{"id":25390,"date":"2018-10-25T00:00:00","date_gmt":"2018-10-25T00:00:00","guid":{"rendered":"https:\/\/www.volkswagen.es\/2018\/10\/25\/presentado-el-nuevo-t-cross-que-comenzara-a-fabricarse-en-diciembre-en-volkswagen-navarra\/"},"modified":"2018-10-25T00:00:00","modified_gmt":"2018-10-25T00:00:00","slug":"presentado-el-nuevo-t-cross-que-comenzara-a-fabricarse-en-diciembre-en-volkswagen-navarra","status":"publish","type":"post","link":"https:\/\/www.volkswagen.es\/comunicacion\/presentado-el-nuevo-t-cross-que-comenzara-a-fabricarse-en-diciembre-en-volkswagen-navarra\/","title":{"rendered":"PRESENTADO EL NUEVO T-CROSS, QUE COMENZAR\u00c1 A FABRICARSE EN DICIEMBRE EN VOLKSWAGEN NAVARRA"},"content":{"rendered":"<p >Adem\u00e1s, Volkswagen Navarra asume, al igual que ocurre con el Polo, la condici\u00f3n de f\u00e1brica l\u00edder a nivel mundial del nuevo Volkswagen T-Cross, que tambi\u00e9n se fabricar\u00e1, en versiones diferentes, en Brasil y China para los mercados de Sudam\u00e9rica y China, respectivamente.<\/p>\n<p >El director de Operaciones de la marca Volkswagen, Ralf Brandst\u00e4tter, ha se\u00f1alado que la marca tiene \u00abun buen equipo en Pamplona y estamos muy orgullosos de \u00e9l, no tengo ninguna duda de que va a realizar un buen lanzamiento del coche\u00bb. De la misma forma, Brandst\u00e4tter ha a\u00f1adido durante la presentaci\u00f3n que \u00abla f\u00e1brica de Volkswagen Navarra tiene una gran responsabilidad y necesitamos flexibilidad, porque este coche va a tener \u00e9xito en el mercado\u00bb.<\/p>\n<p >El presidente de Volkswagen Navarra, Emilio S\u00e1enz Grijalba, ha explicado que la llegada de este segundo modelo \u00absupone un hito de gran valor para la f\u00e1brica, para nuestros proveedores y para la regi\u00f3n de Navarra. Estoy seguro de que el T-Cross va a convertirse muy pronto en un referente dentro de los SUV de su segmento, con una apuesta muy fuerte por la versatilidad y la seguridad\u00bb, ha asegurado.<\/p>\n<p >Por su parte, la directora de Recursos Humanos de Volkswagen Navarra, Kerstin Scholz, ha subrayado \u00abel esfuerzo y el trabajo realizado\u00bb por la plantilla de la f\u00e1brica para \u00abpoder producir en Navarra este nuevo coche\u00bb, y ha mostrado su seguridad en que \u00ablos trabajadores de Volkswagen Navarra, gracias a su experiencia y a su dedicaci\u00f3n, van a conseguir realizar un excelente lanzamiento\u00bb. Adem\u00e1s, el T-Cross es fruto del Acuerdo del Segundo Modelo, firmado en marzo de 2016 con la mayor\u00eda sindical, \u00ablo que demuestra -ha a\u00f1adido- que la v\u00eda del di\u00e1logo es la adecuada para lograr objetivos comunes que consoliden el futuro de la f\u00e1brica\u00bb.<\/p>\n<p >Para el presidente del Comit\u00e9 de Empresa de Volkswagen Navarra, Alfredo Morales, \u00abhoy hacemos realidad lo que hace unos pocos a\u00f1os era una utop\u00eda y lo que durante tanto tiempo se ha perseguido, un segundo modelo que afianzar\u00e1 nuestro proyecto industrial, contribuir\u00e1 a garantizar el futuro de los trabajadores y las trabajadoras de nuestra planta y de nuestro parque de proveedores, crear\u00e1 empleo y seguir\u00e1 contribuyendo al desarrollo y potenciaci\u00f3n de nuestra Comunidad\u00bb. Adem\u00e1s, Morales ha resaltado \u00abel esp\u00edritu con el que se sentaron las bases del Acuerdo que ha hecho posible este hito y por las que la plantilla da todo de s\u00ed cada d\u00eda\u00bb.<\/p>\n<p >El acto de presentaci\u00f3n, celebrado en el recinto Sugar City, una antigua f\u00e1brica de az\u00facar reconvertida en espacio de eventos a las afueras de \u00c1msterdam, tambi\u00e9n ha contado con las intervenciones de Andreas Kr\u00fcger, responsable del segmento de coches peque\u00f1os de la marca Volkswagen, y Klaus Bischoff, responsable de Dise\u00f1o de la marca Volkswagen. Adem\u00e1s, la actriz y modelo Cara Delevingne, embajadora del T-Cross, ha cerrado el acto de presentaci\u00f3n acompa\u00f1ando a Ralf Brandst\u00e4tter al volante de un T-Cross de color blanco.<\/p>\n<p >Por parte de Volkswagen Navarra han estado presentes en \u00c1msterdam, adem\u00e1s de su presidente, su directora de Recursos Humanos y su presidente del Comit\u00e9 de Empresa, Carsten Schlott, responsable del proyecto del T-Cross; Thomas Gelbke, coordinador del equipo de residentes de Volkswagen Navarra en Alemania; y Eugenio Duque Escalona, miembro del Comit\u00e9 de Empresa.<\/p>\n<p ><b>Dimensiones, motores y asistentes de seguridad<\/b><\/p>\n<p >El nuevo Volkswagen T-Cross, que comparte plataforma con el Volkswagen Polo, es el m\u00e1s peque\u00f1o de la familia de los SUV de la marca Volkswagen en Europa, que se completa con los modelos T-Roc, Tiguan, Tiguan Allspace y Touareg. Tiene una longitud de 4,11 metros (5 cent\u00edmetros m\u00e1s que un Polo) y una altura de 1,56 metros (11 cent\u00edmetros m\u00e1s).<\/p>\n<p >El T-Cross, con un dise\u00f1o compacto y elegante, ofrece grandes posibilidades en el interior. Gracias a sus asientos traseros abatibles y desplazables 14 cent\u00edmetros longitudinalmente, posee un \u00e1rea de almacenamiento total de 1.281 litros, la mayor de su segmento. Adem\u00e1s, destaca especialmente el maletero, que puede pasar, dependiendo de la configuraci\u00f3n del asiento, de los 385 a los 455 litros.<\/p>\n<p >En cuanto a motorizaci\u00f3n, el T-Cross ofrece tres opciones, dos motores de gasolina (1.0 TSI 95 CV y 1.0 TSI 115 CV) y un motor di\u00e9sel (1.6 TDI 95 CV), mientras que, en t\u00e9rminos de seguridad, el nuevo SUV de Volkswagen ofrece sistemas de asistencia que lo convierten en un referente dentro de su segmento, como el Front Assist, el Lane Assist y el Blind Spot Detection.<\/p>\n<p ><b>Inversiones, producci\u00f3n y empleo<\/b><\/p>\n<p >Volkswagen Navarra, donde el Grupo Volkswagen va a invertir cerca de 1.000 millones de euros durante el periodo 2015-2019, viene prepar\u00e1ndose para la fabricaci\u00f3n del Volkswagen T-Cross desde hace m\u00e1s de dos a\u00f1os y medio, con trabajos para la integraci\u00f3n del segundo modelo en todos sus talleres.<\/p>\n<div >  <\/div>\n","protected":false},"excerpt":{"rendered":"Volkswagen descubre en \u00c1msterdam, ante la presencia de m\u00e1s de 350 periodistas acreditados, el segundo modelo de la f\u00e1brica: el SUV m\u00e1s compacto de la marcaRalf Brandst\u00e4tter: \"Tenemos un buen equipo en Pamplona y estamos","protected":false},"author":1,"featured_media":25392,"comment_status":"open","ping_status":"open","sticky":false,"template":"","format":"standard","meta":{"_acf_changed":false,"ep_exclude_from_search":false,"footnotes":""},"categories":[201],"tags":[],"class_list":["post-25390","post","type-post","status-publish","format-standard","has-post-thumbnail","hentry","category-t-cross"],"acf":[],"_links":{"self":[{"href":"https:\/\/www.volkswagen.es\/comunicacion\/wp-json\/wp\/v2\/posts\/25390","targetHints":{"allow":["GET"]}}],"collection":[{"href":"https:\/\/www.volkswagen.es\/comunicacion\/wp-json\/wp\/v2\/posts"}],"about":[{"href":"https:\/\/www.volkswagen.es\/comunicacion\/wp-json\/wp\/v2\/types\/post"}],"author":[{"embeddable":true,"href":"https:\/\/www.volkswagen.es\/comunicacion\/wp-json\/wp\/v2\/users\/1"}],"replies":[{"embeddable":true,"href":"https:\/\/www.volkswagen.es\/comunicacion\/wp-json\/wp\/v2\/comments?post=25390"}],"version-history":[{"count":0,"href":"https:\/\/www.volkswagen.es\/comunicacion\/wp-json\/wp\/v2\/posts\/25390\/revisions"}],"wp:featuredmedia":[{"embeddable":true,"href":"https:\/\/www.volkswagen.es\/comunicacion\/wp-json\/wp\/v2\/media\/25392"}],"wp:attachment":[{"href":"https:\/\/www.volkswagen.es\/comunicacion\/wp-json\/wp\/v2\/media?parent=25390"}],"wp:term":[{"taxonomy":"category","embeddable":true,"href":"https:\/\/www.volkswagen.es\/comunicacion\/wp-json\/wp\/v2\/categories?post=25390"},{"taxonomy":"post_tag","embeddable":true,"href":"https:\/\/www.volkswagen.es\/comunicacion\/wp-json\/wp\/v2\/tags?post=25390"}],"curies":[{"name":"wp","href":"https:\/\/api.w.org\/{rel}","templated":true}]}}