{"id":25348,"date":"2018-10-04T00:00:00","date_gmt":"2018-10-04T00:00:00","guid":{"rendered":"https:\/\/www.volkswagen.es\/2018\/10\/04\/volkswagen-y-siemens-hacen-que-los-cruces-sean-mas-seguros\/"},"modified":"2021-11-24T10:42:19","modified_gmt":"2021-11-24T10:42:19","slug":"volkswagen-y-siemens-hacen-que-los-cruces-sean-mas-seguros","status":"publish","type":"post","link":"https:\/\/www.volkswagen.es\/comunicacion\/volkswagen-y-siemens-hacen-que-los-cruces-sean-mas-seguros\/","title":{"rendered":"Volkswagen y Siemens hacen que los cruces sean m\u00e1s seguros"},"content":{"rendered":"<p >En un proyecto conjunto, la ciudad de Wolfsburg, Volkswagen y Siemens est\u00e1n instalando actualmente una secci\u00f3n de prueba en una calle principal de Wolfsburg en la que diez sistemas de sem\u00e1foros transmitir\u00e1n las fases de los sem\u00e1foros pr\u00f3ximos a trav\u00e9s de WLANp (ITS-G5). Los futuros veh\u00edculos Car2X ser\u00e1n capaces de procesar esta informaci\u00f3n e informar al conductor, por ejemplo, cuando todos los sem\u00e1foros sucesivos est\u00e9n en verde. As\u00ed, evitar\u00e1n frenar o acelerar de forma innecesaria. En un futuro, funciones de asistencia podr\u00e1n hacerlo sin la intervenci\u00f3n del conductor.<\/p>\n<p >Las futuras funciones de sem\u00e1foros en el veh\u00edculo mejorar\u00e1n el flujo de tr\u00e1fico en las \u00e1reas urbanizadas. Se espera que este proyecto tambi\u00e9n contribuye a la seguridad vial en general. Para ponerlo en pr\u00e1ctica, se est\u00e1n equipando dos cruces en Wolfsburg con una moderna tecnolog\u00eda de sensores para detectar peatones y ciclistas. Manfred Fuhg, director de Siemens Mobility Germany, explica: \u00abLos cruces equipados con la tecnolog\u00eda de sensores de radar pueden incrementar la precisi\u00f3n a la hora de detectar peatones y ciclistas. As\u00ed, se proporciona informaci\u00f3n que los veh\u00edculos no pueden detectar, especialmente en cruces complicados y puntos negros de accidentes\u00bb.<\/p>\n<p ><b>La tecnolog\u00eda se expande constantemente<\/b><\/p>\n<p >Para distribuir los datos objetivos de los sensores desde la infraestructura de tr\u00e1fico hasta el veh\u00edculo, la tecnolog\u00eda WLANp para Car2X, que Volkswagen introducir\u00e1 el a\u00f1o que viene, se suplementar\u00e1 con mensajes adicionales. La adici\u00f3n permite implementar funciones de seguridad cooperativa, las cuales intervienen en situaciones en las que el conductor o el veh\u00edculo no pueden reconocer a los usuarios cercanos de la v\u00eda con sus propios sentidos o sensores, o solo pueden hacerlo en una fase muy tard\u00eda. Esto ofrecer\u00e1 una mayor protecci\u00f3n a peatones y ciclistas en particular, los cuales suelen estar involucrados en accidentes. \u00abBasados en sistemas con inteligencia artificial en los sistemas de sem\u00e1foros, los m\u00e9todos de control inteligente pueden proporcionar a los veh\u00edculos informaci\u00f3n sobre las fases de luz roja y verde de forma mucho m\u00e1s precisa que antes\u00bb, asegura Manfred Fuhg.<\/p>\n<p >Desde la perspectiva actual, el uso de la infraestructura de transporte, especialmente en pueblos y ciudades, ofrece ventajas vitales con relaci\u00f3n a otros enfoques de Car2X, tal como apunta Gunnar Koether, director de Seguridad del Veh\u00edculo en Volkswagen: \u00abAl contrario que los datos de ubicaci\u00f3n relativamente imprecisos de un smartphone, el uso de sensores an\u00e1logos al veh\u00edculo ofrece datos altamente precisos para un \u00e1rea cr\u00edtica. Esta es una condici\u00f3n esencial para evitar falsas alarmas. Adem\u00e1s de los obst\u00e1culos t\u00e9cnicos, la privacidad es otro aspecto que podr\u00eda echar para atr\u00e1s a la gente a la hora de usar sus smartphones personales\u00bb.<\/p>\n<p ><b>Trabajo conjunto para alcanzar el objetivo<\/b><\/p>\n<p >Diversos socios est\u00e1n trabajando actualmente para expandir los est\u00e1ndares WLANp existentes. Con el proyecto piloto en un entorno de tr\u00e1fico real, esto deber\u00eda de completarse con m\u00e1s rapidez. Un hecho est\u00e1 claro: las funciones cooperativas solo pueden ser efectivas si la infraestructura de transporte y todos los usuarios de la v\u00eda hablan el mismo idioma. Por esta raz\u00f3n, Volkswagen y Siemens est\u00e1n dando soporte al objetivo de la Uni\u00f3n Europea de establecer en un futuro pr\u00f3ximo un marco vinculante para la conducci\u00f3n conectada en red en todo Europa.<\/p>\n<p >Falko Mohrs, alcalde de la ciudad de Wolfsburg, da la bienvenida a la iniciativa de Volkswagen y Siemens: \u00abCon la campa\u00f1a #WolfsburgDigital, la ciudad de Wolfsburg y Volkswagen se han marcado el objetivo de convertirse en un modelo de ciudad digital. Cuando los sem\u00e1foros y los coches se comunican, los beneficios de la digitalizaci\u00f3n se vuelven tangibles para muchas personas\u00bb.<\/p>\n<div >  <\/div>\n","protected":false},"excerpt":{"rendered":"Desde la seguridad cl\u00e1sica del veh\u00edculo hasta la seguridad vial cooperativaGracias a WLANp, en un futuro los veh\u00edculos Car2X ser\u00e1n capaces de comunicarse con los sem\u00e1forosUna informaci\u00f3n precisa del entorno en los cruces mejora la","protected":false},"author":1,"featured_media":25351,"comment_status":"open","ping_status":"open","sticky":false,"template":"","format":"standard","meta":{"_acf_changed":false,"ep_exclude_from_search":false,"footnotes":""},"categories":[297],"tags":[],"class_list":["post-25348","post","type-post","status-publish","format-standard","has-post-thumbnail","hentry","category-asistentes-y-seguridad"],"acf":[],"_links":{"self":[{"href":"https:\/\/www.volkswagen.es\/comunicacion\/wp-json\/wp\/v2\/posts\/25348","targetHints":{"allow":["GET"]}}],"collection":[{"href":"https:\/\/www.volkswagen.es\/comunicacion\/wp-json\/wp\/v2\/posts"}],"about":[{"href":"https:\/\/www.volkswagen.es\/comunicacion\/wp-json\/wp\/v2\/types\/post"}],"author":[{"embeddable":true,"href":"https:\/\/www.volkswagen.es\/comunicacion\/wp-json\/wp\/v2\/users\/1"}],"replies":[{"embeddable":true,"href":"https:\/\/www.volkswagen.es\/comunicacion\/wp-json\/wp\/v2\/comments?post=25348"}],"version-history":[{"count":1,"href":"https:\/\/www.volkswagen.es\/comunicacion\/wp-json\/wp\/v2\/posts\/25348\/revisions"}],"predecessor-version":[{"id":52457,"href":"https:\/\/www.volkswagen.es\/comunicacion\/wp-json\/wp\/v2\/posts\/25348\/revisions\/52457"}],"wp:featuredmedia":[{"embeddable":true,"href":"https:\/\/www.volkswagen.es\/comunicacion\/wp-json\/wp\/v2\/media\/25351"}],"wp:attachment":[{"href":"https:\/\/www.volkswagen.es\/comunicacion\/wp-json\/wp\/v2\/media?parent=25348"}],"wp:term":[{"taxonomy":"category","embeddable":true,"href":"https:\/\/www.volkswagen.es\/comunicacion\/wp-json\/wp\/v2\/categories?post=25348"},{"taxonomy":"post_tag","embeddable":true,"href":"https:\/\/www.volkswagen.es\/comunicacion\/wp-json\/wp\/v2\/tags?post=25348"}],"curies":[{"name":"wp","href":"https:\/\/api.w.org\/{rel}","templated":true}]}}