{"id":25331,"date":"2018-09-28T00:00:00","date_gmt":"2018-09-28T00:00:00","guid":{"rendered":"https:\/\/www.volkswagen.es\/2018\/09\/28\/volkswagen-y-microsoft-anuncian-una-alianza-estrategica\/"},"modified":"2021-11-24T10:48:24","modified_gmt":"2021-11-24T10:48:24","slug":"volkswagen-y-microsoft-anuncian-una-alianza-estrategica","status":"publish","type":"post","link":"https:\/\/www.volkswagen.es\/comunicacion\/volkswagen-y-microsoft-anuncian-una-alianza-estrategica\/","title":{"rendered":"Volkswagen y Microsoft anuncian una alianza estrat\u00e9gica"},"content":{"rendered":"<div>\n<p >\u00abLa alianza estrat\u00e9gica con Microsoft turboalimentar\u00e1 nuestra transformaci\u00f3n digital,\u00bb asegur\u00f3 el Dr. Herbert Diess, consejero delegado de Volkswagen AG. \u00abVolkswagen, como uno de los mayores fabricantes automovil\u00edsticos del mundo, y Microsoft, con sus conocimientos tecnol\u00f3gicos \u00fanicos, son extraordinariamente compatibles. Juntos, tendremos un papel clave en la definici\u00f3n del futuro de la movilidad automovil\u00edstica\u00bb.<\/p>\n<\/p>\n<p >\u00abVolkswagen est\u00e1 aprovechando la tecnolog\u00eda para transformarse digitalmente y proporcionar a sus clientes nuevos e innovadores servicios conectados para veh\u00edculos\u00bb, explic\u00f3 Satya Nadella, consejero delegado de Microsoft. \u00abLas compa\u00f1\u00edas l\u00edderes a nivel mundial funcionan con Azure, y estamos entusiasmados con el hecho de que Volkswagen haya elegido Microsoft. Juntos, reimaginaremos la experiencia de conducci\u00f3n para personas de todo el mundo\u00bb.<\/p>\n<\/p>\n<p >Servicios a bordo y plataforma basada en la tecnolog\u00eda de Microsoft<\/p>\n<\/p>\n<p >De 2020 en adelante, m\u00e1s de 5 millones de nuevos veh\u00edculos de la marca Volkswagen estar\u00e1n totalmente conectados y ser\u00e1n parte del Internet de las Cosas (IoT) en la nube. La profunda colaboraci\u00f3n entre ambas compa\u00f1\u00edas sentar\u00e1 las bases para combinar los conocimientos globales sobre que posee Microsoft sobre la nube con la experiencia de Volkswagen como fabricante automovil\u00edstico con una presencia global en el mercado.<\/p>\n<\/p>\n<p >Juntas, ambas compa\u00f1\u00edas desarrollar\u00e1n la base tecnol\u00f3gica para una completa nube de la industria automovil\u00edstica. En el futuro, los servicios a bordo de Volkswagen, y tambi\u00e9n la plataforma basada en la nube para todo el Grupo (tambi\u00e9n conocida como One Digital Platform, ODP) se construir\u00e1 a partir de la plataforma y los servicios cloud Azure de Microsoft, as\u00ed como el sistema Azure IoT Edge. Esto alinear\u00e1 de forma dr\u00e1stica el panorama t\u00e9cnico.<\/p>\n<\/p>\n<p >A trav\u00e9s de &#8216;Volkswagen Automotive Cloud&#8217;, la marca optimizar\u00e1 de forma considerable la interconexi\u00f3n del veh\u00edculo, la plataforma basada en la nube y los servicios orientados al cliente para todas las marcas, as\u00ed como el ecosistema \u00abVolkswagen We\u00bb.<\/p>\n<\/p>\n<p >Con la creaci\u00f3n de &#8216;Volkswagen Automotive Cloud&#8217;, Volkswagen tambi\u00e9n podr\u00e1 aprovechar los s\u00f3lidos servicios de movilidad presentes en toda su gama, y a la vez proporcionar nuevos servicios y soluciones como experiencias de usuario dentro del veh\u00edculo o telem\u00e1tica. Todo ello, conectando de forma segura los datos entre el veh\u00edculo y la nube.<\/p>\n<\/p>\n<p >Establecimiento de la sede digital<\/p>\n<\/p>\n<p >Como parte de la nueva entidad, Volkswagen establecer\u00e1 una nueva oficina de desarrollo de la nube automovil\u00edstica en Norteam\u00e9rica, cerca de las oficinas de Microsoft. Para promover la nueva ola de transformaci\u00f3n automovil\u00edstica, Microsoft proporcionar\u00e1 apoyo pr\u00e1ctico a Volkswagen a medida que vaya acelerando el despliegue de su oficina de desarrollo de la nube, incluyendo recursos para ayudar a potenciar el empleo, gesti\u00f3n de recursos humanos y servicios de consultor\u00eda. Se calcula que la plantilla crecer\u00e1 hasta unos 300 ingenieros en un futuro pr\u00f3ximo.<\/p>\n<\/p>\n<p >M\u00e1s all\u00e1 de las razones tecnol\u00f3gicas que inspiran la alianza, Microsoft proporciona acceso a los conocimientos de toda su organizaci\u00f3n en materia de desarrollo de la nube. As\u00ed, los desarrolladores e ingenieros de Volkswagen se podr\u00e1n beneficiar y aprender de la fuerte cultura colaborativa y \u00e1gil de Microsoft, para luego transmitir esas experiencias al coraz\u00f3n de la compa\u00f1\u00eda Volkswagen.<\/p>\n<\/p>\n<p >Desarrollo del mayor ecosistema digital de la industria autom\u00f3vil<\/p>\n<\/p>\n<p >A largo plazo, las soluciones desarrolladas a trav\u00e9s de esta alianza estrat\u00e9gica se aplicar\u00e1n al resto de marcas del Grupo Volkswagen en todas las regiones del mundo, sentando las bases para todos los servicios orientados al cliente de las marcas. Esto incluye la familia de coches el\u00e9ctricos Volkswagen ID, as\u00ed como los modelos con propulsi\u00f3n convencional. En el futuro, los coches de la flota de Volkswagen se convertir\u00e1n en hubs del Internet de las Cosas conectados a trav\u00e9s de Microsoft Azure.<\/p>\n<\/p><\/div>\n","protected":false},"excerpt":{"rendered":"Volkswagen y Microsoft colaborar\u00e1n estrechamente para acelerar la transformaci\u00f3n digital de VolkswagenVolkswagen escoge la plataforma Microsoft Azure como la base de su nube y de los servicios conectados para su flotaPaso decisivo para Volkswagen en","protected":false},"author":1,"featured_media":25336,"comment_status":"open","ping_status":"open","sticky":false,"template":"","format":"standard","meta":{"_acf_changed":false,"ep_exclude_from_search":false,"footnotes":""},"categories":[301],"tags":[],"class_list":["post-25331","post","type-post","status-publish","format-standard","has-post-thumbnail","hentry","category-id"],"acf":[],"_links":{"self":[{"href":"https:\/\/www.volkswagen.es\/comunicacion\/wp-json\/wp\/v2\/posts\/25331","targetHints":{"allow":["GET"]}}],"collection":[{"href":"https:\/\/www.volkswagen.es\/comunicacion\/wp-json\/wp\/v2\/posts"}],"about":[{"href":"https:\/\/www.volkswagen.es\/comunicacion\/wp-json\/wp\/v2\/types\/post"}],"author":[{"embeddable":true,"href":"https:\/\/www.volkswagen.es\/comunicacion\/wp-json\/wp\/v2\/users\/1"}],"replies":[{"embeddable":true,"href":"https:\/\/www.volkswagen.es\/comunicacion\/wp-json\/wp\/v2\/comments?post=25331"}],"version-history":[{"count":2,"href":"https:\/\/www.volkswagen.es\/comunicacion\/wp-json\/wp\/v2\/posts\/25331\/revisions"}],"predecessor-version":[{"id":52467,"href":"https:\/\/www.volkswagen.es\/comunicacion\/wp-json\/wp\/v2\/posts\/25331\/revisions\/52467"}],"wp:featuredmedia":[{"embeddable":true,"href":"https:\/\/www.volkswagen.es\/comunicacion\/wp-json\/wp\/v2\/media\/25336"}],"wp:attachment":[{"href":"https:\/\/www.volkswagen.es\/comunicacion\/wp-json\/wp\/v2\/media?parent=25331"}],"wp:term":[{"taxonomy":"category","embeddable":true,"href":"https:\/\/www.volkswagen.es\/comunicacion\/wp-json\/wp\/v2\/categories?post=25331"},{"taxonomy":"post_tag","embeddable":true,"href":"https:\/\/www.volkswagen.es\/comunicacion\/wp-json\/wp\/v2\/tags?post=25331"}],"curies":[{"name":"wp","href":"https:\/\/api.w.org\/{rel}","templated":true}]}}