{"id":25291,"date":"2018-09-03T00:00:00","date_gmt":"2018-09-03T00:00:00","guid":{"rendered":"https:\/\/www.volkswagen.es\/2018\/09\/03\/volkswagen-amplia-su-compromiso-en-africa-memorandos-de-entendimiento-firmados-con-ghana-y-nigeria\/"},"modified":"2018-09-03T00:00:00","modified_gmt":"2018-09-03T00:00:00","slug":"volkswagen-amplia-su-compromiso-en-africa-memorandos-de-entendimiento-firmados-con-ghana-y-nigeria","status":"publish","type":"post","link":"https:\/\/www.volkswagen.es\/comunicacion\/volkswagen-amplia-su-compromiso-en-africa-memorandos-de-entendimiento-firmados-con-ghana-y-nigeria\/","title":{"rendered":"VOLKSWAGEN AMPL\u00cdA SU COMPROMISO EN \u00c1FRICA: MEMORANDOS DE ENTENDIMIENTO FIRMADOS CON GHANA Y NIGERIA"},"content":{"rendered":"<p >Con la firma de los memorandos de entendimiento, lamarca Volkswagen sigui\u00f3 ampliando su compromiso con la regi\u00f3n de \u00c1fricaSubsahariana. Schaefer dijo: \u00abAmbos memorandos de entendimiento demuestran unacosa: la seriedad con la que Volkswagen enfoca su compromiso con \u00c1frica.Estamos bien posicionados. La situaci\u00f3n en el continente se ha estabilizado yla econom\u00eda va hacia adelante. Como resultado, los \u00faltimos obst\u00e1culos para eldesarrollo de la industria autom\u00f3vil han desaparecido. Esto supone una granoportunidad para nosotros\u00bb.<\/p>\n<\/p>\n<p >Ghana:construcci\u00f3n de una planta autom\u00f3vil y puesta a prueba de nuevas soluciones demovilidad<\/p>\n<\/p>\n<p >En Ghana est\u00e1 prevista la construcci\u00f3n de una plantade ensamblaje. Esto tambi\u00e9n incluir\u00eda el desarrollo de una red de ventas yservicio en Ghana, as\u00ed como el establecimiento de una Academia de Formaci\u00f3n enProducci\u00f3n y Servicio Postventa.<\/p>\n<\/p>\n<p >Adem\u00e1s, Volkswagen se comprometi\u00f3 a lanzar unestudio de viabilidad en Ghana sobre soluciones de movilidad integrada, queincluir\u00e1 un informe de viabilidad comercial sobre la introducci\u00f3n de serviciosde alquiler, car sharing, taxi y lanzadera a trav\u00e9s de una filial ghanesa deVWSA (Volkswagen South Africa) o del nombramiento de un proveedor de servicioslocal.<\/p>\n<\/p>\n<p >Por su parte, el Gobierno ghan\u00e9s se comprometi\u00f3 adesarrollar una amplia Pol\u00edtica de Industria Autom\u00f3vil ghanesa, que incentivar\u00e1la fabricaci\u00f3n de veh\u00edculos en Ghana. Esta incluir\u00e1 una pol\u00edtica preferencialde compras para veh\u00edculos fabricados localmente.<\/p>\n<\/p>\n<p >Nigeria:desarrollo conjunto del pa\u00eds en un Hub de la industria autom\u00f3vil<\/p>\n<\/p>\n<p >En el memorando de entendimiento firmado en Nigeria,Volkswagen se comprometi\u00f3 con la expansi\u00f3n de las operaciones de fabricaci\u00f3n deautom\u00f3viles y con la transformaci\u00f3n a largo plazo de Nigeria en un hub del autom\u00f3vilde la costa oeste de \u00c1frica.<\/p>\n<\/p>\n<p >Esto incluir\u00e1 el desarrollo de una academia deformaci\u00f3n junto con el gobierno alem\u00e1n, que formar\u00e1 a los primeros empleados yproporcionar\u00e1 una formaci\u00f3n t\u00e9cnica m\u00e1s amplia para la comunidad encompetencias de automoci\u00f3n. Tambi\u00e9n est\u00e1 previsto desarrollar una red de serviciosVolkswagen en el pa\u00eds, en funci\u00f3n de su viabilidad comercial.<\/p>\n<\/p>\n<p >Por su parte, el gobierno nigeriano se ha comprometidoa acelerar la entrada en vigor de pol\u00edticas para la industria autom\u00f3vilnigeriana. Esto incluye la transici\u00f3n gradual de la importaci\u00f3n de coches desegunda mano a la fabricaci\u00f3n y distribuci\u00f3n de turismos nuevos.<\/p>\n<\/p>\n<p >Volkswagenen el mercado africano<\/p>\n<\/p>\n<p >Volkswagen ya tiene una planta en Sud\u00e1frica. Tambi\u00e9nfabrica coches en Kenia y, recientemente, empez\u00f3 a fabricarlos en Ruanda, dondeel car sharing comunitario ya se est\u00e1 ofreciendo como soluci\u00f3n de movilidadintegrada y donde, en breve, se pondr\u00e1 en marcha el servicio de taxi.<\/p>\n<\/p>\n<p >En el marco de su estrategia de marca TRANSFORM2025+, Volkswagen est\u00e1 reforzando las regiones y priorizando nuevos mercadosemergentes. Junto con Am\u00e9rica del Norte y del Sur, as\u00ed como China, la regi\u00f3nSubsahariana juega un rol cada vez m\u00e1s importante. Aunque el mercado autom\u00f3vilafricano es hoy en d\u00eda relativamente peque\u00f1o, en el futuro la regi\u00f3n podr\u00edaconvertirse en un mercado en crecimiento.<\/p><\/p>\n","protected":false},"excerpt":{"rendered":"Se construir\u00e1n nuevas plantas en Ghana y NigeriaGhana hace equipo con Volkswagen para probar nuevas soluciones de movilidadSe firman memorandos de entendimiento en presencia de un representante del gobiernoDurante la visita a \u00c1frica de la","protected":false},"author":1,"featured_media":25295,"comment_status":"open","ping_status":"open","sticky":false,"template":"","format":"standard","meta":{"_acf_changed":false,"ep_exclude_from_search":false,"footnotes":""},"categories":[282],"tags":[],"class_list":["post-25291","post","type-post","status-publish","format-standard","has-post-thumbnail","hentry","category-fabricas-e-instalaciones"],"acf":[],"_links":{"self":[{"href":"https:\/\/www.volkswagen.es\/comunicacion\/wp-json\/wp\/v2\/posts\/25291","targetHints":{"allow":["GET"]}}],"collection":[{"href":"https:\/\/www.volkswagen.es\/comunicacion\/wp-json\/wp\/v2\/posts"}],"about":[{"href":"https:\/\/www.volkswagen.es\/comunicacion\/wp-json\/wp\/v2\/types\/post"}],"author":[{"embeddable":true,"href":"https:\/\/www.volkswagen.es\/comunicacion\/wp-json\/wp\/v2\/users\/1"}],"replies":[{"embeddable":true,"href":"https:\/\/www.volkswagen.es\/comunicacion\/wp-json\/wp\/v2\/comments?post=25291"}],"version-history":[{"count":0,"href":"https:\/\/www.volkswagen.es\/comunicacion\/wp-json\/wp\/v2\/posts\/25291\/revisions"}],"wp:featuredmedia":[{"embeddable":true,"href":"https:\/\/www.volkswagen.es\/comunicacion\/wp-json\/wp\/v2\/media\/25295"}],"wp:attachment":[{"href":"https:\/\/www.volkswagen.es\/comunicacion\/wp-json\/wp\/v2\/media?parent=25291"}],"wp:term":[{"taxonomy":"category","embeddable":true,"href":"https:\/\/www.volkswagen.es\/comunicacion\/wp-json\/wp\/v2\/categories?post=25291"},{"taxonomy":"post_tag","embeddable":true,"href":"https:\/\/www.volkswagen.es\/comunicacion\/wp-json\/wp\/v2\/tags?post=25291"}],"curies":[{"name":"wp","href":"https:\/\/api.w.org\/{rel}","templated":true}]}}