{"id":25278,"date":"2018-08-24T00:00:00","date_gmt":"2018-08-24T00:00:00","guid":{"rendered":"https:\/\/www.volkswagen.es\/2018\/08\/24\/volkswagen-lanza-el-servicio-de-car-sharing-electrico-we-share-en-berlin\/"},"modified":"2021-11-24T12:39:56","modified_gmt":"2021-11-24T12:39:56","slug":"volkswagen-lanza-el-servicio-de-car-sharing-electrico-we-share-en-berlin","status":"publish","type":"post","link":"https:\/\/www.volkswagen.es\/comunicacion\/volkswagen-lanza-el-servicio-de-car-sharing-electrico-we-share-en-berlin\/","title":{"rendered":"Volkswagen lanza el servicio de car sharing el\u00e9ctrico \u00abWe Share\u00bb en Berl\u00edn"},"content":{"rendered":"<p>\u00abWe Share\u00bb es el primer servicio del nuevo ecosistema \u00abVolkswagen We\u00bb dirigido a no propietarios de nuestros coches. J\u00fcrgen Stackmann a\u00f1adi\u00f3: \u00abDebido al tama\u00f1o y la densidad de su poblaci\u00f3n, Berl\u00edn es el mercado ideal y tiene el mayor potencial. All\u00ed viven muchas personas que ya han probado el <i>car sharing,<\/i> y su n\u00famero no para de crecer\u00bb. Volkswagen tambi\u00e9n tiene por objetivo llamar la atenci\u00f3n sobre las ventajas de la movilidad el\u00e9ctrica y estimular el inter\u00e9s por la tecnolog\u00eda con una flota muy visible de 2.000 veh\u00edculos \u00abWe Share\u00bb. Seg\u00fan J\u00fcrgen Stackmann, \u00abestamos democratizando la movilidad el\u00e9ctrica. A partir de 2020, \u00abWe Share\u00bb apoyar\u00e1 la introducci\u00f3n al mercado de la nueva generaci\u00f3n de nuestros nuevos y completamente el\u00e9ctricos modelos I.D., contribuyendo as\u00ed de forma significativa a la ofensiva de movilidad el\u00e9ctrica de la marca Volkswagen\u00bb.<\/p>\n<\/p>\n<p>\u00abWe Share\u00bb es lo que se conoce como <i>car sharing<\/i> flotante, garantizando en todo momento la disponibilidad espont\u00e1nea de veh\u00edculos el\u00e9ctricos para los clientes. En una fase posterior, \u00abWe Share\u00bb a\u00f1adir\u00e1 veh\u00edculos m\u00e1s peque\u00f1os a su flota de coches el\u00e9ctricos, como soluciones de micromovilidad.<\/p>\n<\/p>\n<p>Philipp Reth, consejero delegado de la filial de Volkswagen UMI Urban Mobility International, la empresa del Grupo con mentalidad start-up que gestionar\u00e1 las operaciones de <i>car<\/i> <i>sharing<\/i> desde su sede en Berl\u00edn, explica: \u00abLas expectativas para los servicios de veh\u00edculo bajo demanda son muy buenas. Las previsiones m\u00e1s conservadoras para Europa predicen un crecimiento anual del 15%. Seguiremos desarrollando este mercado y haremos que esta forma de movilidad sea accesible para un grupo de usuarios todav\u00eda m\u00e1s grande\u00bb.<\/p>\n<\/p>\n<p>Tras el lanzamiento en Berl\u00edn, est\u00e1 inicialmente previsto desplegar \u00abWe Share\u00bb en otras grandes ciudades de Alemania. En paralelo, existen planes para expandir el servicio a otros mercados europeos clave y ciudades especialmente elegidas en Am\u00e9rica del Norte a partir de 2020. La prioridad ser\u00e1n las ciudades con una poblaci\u00f3n de m\u00e1s de un mill\u00f3n de habitantes.<\/p>\n","protected":false},"excerpt":{"rendered":"La marca Volkswagen entra en el sector del car sharing con 2.000 veh\u00edculos totalmente el\u00e9ctricos en Berl\u00edn Est\u00e1 previsto que el servicio \"We Share\" entre en funcionamiento en el segundo trimestre de 2019 A partir","protected":false},"author":1,"featured_media":25282,"comment_status":"open","ping_status":"open","sticky":false,"template":"","format":"standard","meta":{"_acf_changed":false,"ep_exclude_from_search":false,"footnotes":""},"categories":[295],"tags":[],"class_list":["post-25278","post","type-post","status-publish","format-standard","has-post-thumbnail","hentry","category-uso-del-vehiculo-electrico"],"acf":[],"_links":{"self":[{"href":"https:\/\/www.volkswagen.es\/comunicacion\/wp-json\/wp\/v2\/posts\/25278","targetHints":{"allow":["GET"]}}],"collection":[{"href":"https:\/\/www.volkswagen.es\/comunicacion\/wp-json\/wp\/v2\/posts"}],"about":[{"href":"https:\/\/www.volkswagen.es\/comunicacion\/wp-json\/wp\/v2\/types\/post"}],"author":[{"embeddable":true,"href":"https:\/\/www.volkswagen.es\/comunicacion\/wp-json\/wp\/v2\/users\/1"}],"replies":[{"embeddable":true,"href":"https:\/\/www.volkswagen.es\/comunicacion\/wp-json\/wp\/v2\/comments?post=25278"}],"version-history":[{"count":2,"href":"https:\/\/www.volkswagen.es\/comunicacion\/wp-json\/wp\/v2\/posts\/25278\/revisions"}],"predecessor-version":[{"id":52493,"href":"https:\/\/www.volkswagen.es\/comunicacion\/wp-json\/wp\/v2\/posts\/25278\/revisions\/52493"}],"wp:featuredmedia":[{"embeddable":true,"href":"https:\/\/www.volkswagen.es\/comunicacion\/wp-json\/wp\/v2\/media\/25282"}],"wp:attachment":[{"href":"https:\/\/www.volkswagen.es\/comunicacion\/wp-json\/wp\/v2\/media?parent=25278"}],"wp:term":[{"taxonomy":"category","embeddable":true,"href":"https:\/\/www.volkswagen.es\/comunicacion\/wp-json\/wp\/v2\/categories?post=25278"},{"taxonomy":"post_tag","embeddable":true,"href":"https:\/\/www.volkswagen.es\/comunicacion\/wp-json\/wp\/v2\/tags?post=25278"}],"curies":[{"name":"wp","href":"https:\/\/api.w.org\/{rel}","templated":true}]}}