{"id":25268,"date":"2018-07-31T00:00:00","date_gmt":"2018-07-31T00:00:00","guid":{"rendered":"https:\/\/www.volkswagen.es\/2018\/07\/31\/ralf-brandstatter-nombrado-director-de-operaciones-de-la-marca-volkswagen\/"},"modified":"2021-02-28T18:08:29","modified_gmt":"2021-02-28T18:08:29","slug":"ralf-brandstatter-nombrado-director-de-operaciones-de-la-marca-volkswagen","status":"publish","type":"post","link":"https:\/\/www.volkswagen.es\/comunicacion\/ralf-brandstatter-nombrado-director-de-operaciones-de-la-marca-volkswagen\/","title":{"rendered":"RALF BRANDST\u00c4TTER, NOMBRADO DIRECTOR DE OPERACIONES DE LA MARCA VOLKSWAGEN"},"content":{"rendered":"<p >El Dr. Herbert Diess, consejero delegado de Volkswagen, ha afirmado: \u00abRalf Brandst\u00e4tter cuenta con unos extraordinarios conocimientos comerciales y t\u00e9cnicos. En esta nueva funci\u00f3n de director de Operaciones (COO), Brandst\u00e4tter har\u00e1 una contribuci\u00f3n decisiva para llevar a la marca Volkswagen a\u00fan m\u00e1s lejos. Tambi\u00e9n me gustar\u00eda darle las gracias a Frank Welsch: adem\u00e1s de sus amplias responsabilidades como responsable de Desarrollo T\u00e9cnico del Comit\u00e9 Ejecutivo de la marca Volkswagen, tambi\u00e9n ha asumido varias funciones adicionales de manera provisional para salvaguardar el exitoso liderazgo del negocio de la marca durante una fase crucial\u00bb.<\/p>\n<p >Ralf Brandst\u00e4tter naci\u00f3 en Brunswick el 8 de septiembre de 1968. Hizo pr\u00e1cticas como dise\u00f1ador de talleres en la f\u00e1brica de Brunswick, y tras esta experiencia estudi\u00f3 Ingenier\u00eda Industrial y se uni\u00f3 al Grupo Volkswagen en 1993. Tras pasar por diversos puestos en la Direcci\u00f3n de Proyectos Internacionales en la Divisi\u00f3n de Compras, se convirti\u00f3 en asistente del Comit\u00e9 Ejecutivo en la Secretar\u00eda General del Grupo Volkswagen. En 1998, se hizo cargo de las compras de metal para componentes de chasis y del sistema de propulsi\u00f3n, y fue nombrado director de proyectos para nuevos veh\u00edculos en 2003. En 2005, se traslad\u00f3 a Espa\u00f1a como responsable de Compras, y en 2008 se convirti\u00f3 en responsable de Compras del Comit\u00e9 Ejecutivo de Seat. Dos a\u00f1os m\u00e1s tarde, en 2010, Brandst\u00e4tter fue nombrado director de Compras Exteriores del Grupo. En 2012, fue designado director de Compras de Nuevos Lanzamientos de Producto del Grupo, y en octubre de 2015 pas\u00f3 a ser Representante General de Volkswagen AG. Brandst\u00e4tter fue nombrado responsable de Ventas del Comit\u00e9 Ejecutivo de la marca Volkswagen en diciembre de 2015.<\/p>\n","protected":false},"excerpt":{"rendered":"Ser\u00e1 responsable del negocio operativo de la marcaMantendr\u00e1 su funci\u00f3n como responsable de Compras del Comit\u00e9 EjecutivoEl responsable de Compras del Comit\u00e9 Ejecutivo de la marca Volkswagen, Ralf Brandst\u00e4tter, de 49 a\u00f1os, ha sido nombrado","protected":false},"author":1,"featured_media":25272,"comment_status":"open","ping_status":"open","sticky":false,"template":"","format":"standard","meta":{"_acf_changed":false,"ep_exclude_from_search":false,"footnotes":""},"categories":[280],"tags":[],"class_list":["post-25268","post","type-post","status-publish","format-standard","has-post-thumbnail","hentry","category-directivos"],"acf":[],"_links":{"self":[{"href":"https:\/\/www.volkswagen.es\/comunicacion\/wp-json\/wp\/v2\/posts\/25268","targetHints":{"allow":["GET"]}}],"collection":[{"href":"https:\/\/www.volkswagen.es\/comunicacion\/wp-json\/wp\/v2\/posts"}],"about":[{"href":"https:\/\/www.volkswagen.es\/comunicacion\/wp-json\/wp\/v2\/types\/post"}],"author":[{"embeddable":true,"href":"https:\/\/www.volkswagen.es\/comunicacion\/wp-json\/wp\/v2\/users\/1"}],"replies":[{"embeddable":true,"href":"https:\/\/www.volkswagen.es\/comunicacion\/wp-json\/wp\/v2\/comments?post=25268"}],"version-history":[{"count":1,"href":"https:\/\/www.volkswagen.es\/comunicacion\/wp-json\/wp\/v2\/posts\/25268\/revisions"}],"predecessor-version":[{"id":48117,"href":"https:\/\/www.volkswagen.es\/comunicacion\/wp-json\/wp\/v2\/posts\/25268\/revisions\/48117"}],"wp:featuredmedia":[{"embeddable":true,"href":"https:\/\/www.volkswagen.es\/comunicacion\/wp-json\/wp\/v2\/media\/25272"}],"wp:attachment":[{"href":"https:\/\/www.volkswagen.es\/comunicacion\/wp-json\/wp\/v2\/media?parent=25268"}],"wp:term":[{"taxonomy":"category","embeddable":true,"href":"https:\/\/www.volkswagen.es\/comunicacion\/wp-json\/wp\/v2\/categories?post=25268"},{"taxonomy":"post_tag","embeddable":true,"href":"https:\/\/www.volkswagen.es\/comunicacion\/wp-json\/wp\/v2\/tags?post=25268"}],"curies":[{"name":"wp","href":"https:\/\/api.w.org\/{rel}","templated":true}]}}