{"id":25082,"date":"2018-03-27T00:00:00","date_gmt":"2018-03-27T00:00:00","guid":{"rendered":"https:\/\/www.volkswagen.es\/2018\/03\/27\/la-carrera-mountain-t-roc-adventure-de-volkswagen-reune-a-mas-de-120-esquiadores-en-su-primera-edicion\/"},"modified":"2018-03-27T00:00:00","modified_gmt":"2018-03-27T00:00:00","slug":"la-carrera-mountain-t-roc-adventure-de-volkswagen-reune-a-mas-de-120-esquiadores-en-su-primera-edicion","status":"publish","type":"post","link":"https:\/\/www.volkswagen.es\/comunicacion\/la-carrera-mountain-t-roc-adventure-de-volkswagen-reune-a-mas-de-120-esquiadores-en-su-primera-edicion\/","title":{"rendered":"LA CARRERA MOUNTAIN T-ROC ADVENTURE DE VOLKSWAGEN RE\u00daNE A M\u00c1S DE 120 ESQUIADORES EN SU PRIMERA EDICI\u00d3N"},"content":{"rendered":"<p >La carrera combinaba un recorrido de resistencia con subidas y bajadas con una zona de sprint final que puso aprueba la t\u00e9cnica y resistencia de los esquiadores. Para adaptarla al m\u00e1ximo a todo tipo de participantes, se crearon dos recorridos distintos: Adventure,dise\u00f1ado para los corredores que se inician en el esqu\u00ed de monta\u00f1a, con un trayecto f\u00e1cil y seguro; y Extreme, m\u00e1s exigente t\u00e9cnica y f\u00edsicamente, pensado para profesionales, con varias transiciones de subida y bajada, donde tuvieron que poner y quitar las pieles de foca. Ambos recorridos compart\u00edan un denominador com\u00fan: la subida al Puigllan\u00e7ada (2409m). Tras un ascenso con esqu\u00eds y una parte de subida a pie, se descend\u00eda en Sprint Final hasta la llegada.<\/p>\n<p >La carrera cont\u00f3 con la participaci\u00f3n tanto de corredores noveles en la variante de skimo; como de profesionales como Oriol Cardona, campe\u00f3n del Mundo promesa en categor\u00eda Sprint, y Marc Pinsach,que ganaron en la categor\u00eda Extreme y en el sprint individual. Adem\u00e1s de deportistas profesionales, en la carrera participaron varias caras conocidas,como el campe\u00f3n ol\u00edmpico de Ciclismo, Samuel S\u00e1nchez; la alpinista Araceli Segarra, primera espa\u00f1ola en alcanzar la cumbre del Everest; el popular presentador de televisi\u00f3n Jorge Fern\u00e1ndez; o el piloto Jordi Gen\u00e9.<\/p>\n<p >Durante todo el fin de semana, Volkswagen puso a disposici\u00f3n de los asistentes varias unidades del T-Roc para pruebas de conducci\u00f3n. Cerca de 100 conductores se pusieron al volante del nuevo modelo y pudieron comprobar en primera persona su versatilidad y sus cualidades off-road en una ruta que transcurr\u00eda por un bosque nevado. El nuevo modelo de la marca alemana demostr\u00f3 su capacidad para hacer frente a las condiciones m\u00e1s adversas.<\/p>\n<p >Tras la carrera, peque\u00f1os y mayores disfrutaron de una butifarrada y del ambiente relajado en un amplio Village, donde se celebr\u00f3 la entrega de premios. Luis Moya, campe\u00f3n del mundo de rallyes y embajador de Volkswagen, fue el encargado de hacer entrega de los obsequios a los ganadores. Los primeros y los segundos clasificados en sprint individual recibieron unos esqu\u00eds Salomon S-Lab, y a los terceros y cuartos clasificados se les hizo entrega de sendos relojes Suunto.<\/p>\n<p >La Mountain T-Roc Adventure ha vuelto a demostrar el compromiso de Volkswagen con el deporte, as\u00ed como su voluntad de poner a disposici\u00f3n de los conductores experiencias \u00fanicas al volante.<\/p>\n<\/p>\n<p >Enlaces de inter\u00e9s<\/p>\n<p ><a href=\"http:\/\/mountaintrocadventure.es\/\">Web Mountain T-Roc Adventure<\/a><\/p>\n","protected":false},"excerpt":{"rendered":"La competici\u00f3n cont\u00f3 con deportistas de primer nivel como los esquiadores Oriol Cardona y Marc Pinsach, el ciclista Samuel S\u00e1nchez o la alpinista Araceli SegarraCerca de 100 personas tuvieron la oportunidad de conducir el nuevo","protected":false},"author":1,"featured_media":25084,"comment_status":"open","ping_status":"open","sticky":false,"template":"","format":"standard","meta":{"_acf_changed":false,"ep_exclude_from_search":false,"footnotes":""},"categories":[287],"tags":[],"class_list":["post-25082","post","type-post","status-publish","format-standard","has-post-thumbnail","hentry","category-acciones-de-marketing"],"acf":[],"_links":{"self":[{"href":"https:\/\/www.volkswagen.es\/comunicacion\/wp-json\/wp\/v2\/posts\/25082","targetHints":{"allow":["GET"]}}],"collection":[{"href":"https:\/\/www.volkswagen.es\/comunicacion\/wp-json\/wp\/v2\/posts"}],"about":[{"href":"https:\/\/www.volkswagen.es\/comunicacion\/wp-json\/wp\/v2\/types\/post"}],"author":[{"embeddable":true,"href":"https:\/\/www.volkswagen.es\/comunicacion\/wp-json\/wp\/v2\/users\/1"}],"replies":[{"embeddable":true,"href":"https:\/\/www.volkswagen.es\/comunicacion\/wp-json\/wp\/v2\/comments?post=25082"}],"version-history":[{"count":0,"href":"https:\/\/www.volkswagen.es\/comunicacion\/wp-json\/wp\/v2\/posts\/25082\/revisions"}],"wp:featuredmedia":[{"embeddable":true,"href":"https:\/\/www.volkswagen.es\/comunicacion\/wp-json\/wp\/v2\/media\/25084"}],"wp:attachment":[{"href":"https:\/\/www.volkswagen.es\/comunicacion\/wp-json\/wp\/v2\/media?parent=25082"}],"wp:term":[{"taxonomy":"category","embeddable":true,"href":"https:\/\/www.volkswagen.es\/comunicacion\/wp-json\/wp\/v2\/categories?post=25082"},{"taxonomy":"post_tag","embeddable":true,"href":"https:\/\/www.volkswagen.es\/comunicacion\/wp-json\/wp\/v2\/tags?post=25082"}],"curies":[{"name":"wp","href":"https:\/\/api.w.org\/{rel}","templated":true}]}}