{"id":24964,"date":"2017-12-13T00:00:00","date_gmt":"2017-12-13T00:00:00","guid":{"rendered":"https:\/\/www.volkswagen.es\/2017\/12\/13\/nuevo-volkswagen-polo-gti-deportividad-y-tecnologia-en-formato-compacto\/"},"modified":"2021-11-22T15:15:25","modified_gmt":"2021-11-22T15:15:25","slug":"nuevo-volkswagen-polo-gti-deportividad-y-tecnologia-en-formato-compacto","status":"publish","type":"post","link":"https:\/\/www.volkswagen.es\/comunicacion\/nuevo-volkswagen-polo-gti-deportividad-y-tecnologia-en-formato-compacto\/","title":{"rendered":"Nuevo Volkswagen Polo GTI: Deportividad y tecnolog\u00eda en formato compacto"},"content":{"rendered":"<p align=\"justify\">A primera vista, el veh\u00edculo impresiona por su dise\u00f1o exterior. Los elementos rojos del frontal del coche, t\u00edpicos de los GTI, se extienden de la parrilla del radiador hasta los faros y resaltan su dise\u00f1o expresivo y \u00fanico. Asimismo, el interior, dominado por el negro, el rojo, el gris y los cromados y equipado con asientos ergon\u00f3micos superiores con la legendaria tapicer\u00eda \u00abClark\u00bb, nos recuerda que estamos ante un deportivo con car\u00e1cter.<\/p>\n<\/p>\n<p align=\"justify\">El motor es el coraz\u00f3n de todo GTI, y este no es ninguna excepci\u00f3n. El nuevo Polo GTI es la primera generaci\u00f3n en alcanzar los 200 CV de potencia. El Polo GTI equipa un motor de inyecci\u00f3n directa 2.0 TSI, que desarrolla 8 CV m\u00e1s que el 1.8 TSI de 192 CV de su predecesor. Alcanza un par m\u00e1ximo de 320 Nm a partir de las 1.500 rpm, que permite una experiencia de conducci\u00f3n extremadamente deportiva. El motor se combina con una caja de cambios DSG de 6 velocidades, con una versi\u00f3n manual prevista para el pr\u00f3ximo a\u00f1o.<\/p>\n<p align=\"justify\">El modelo incorpora la tecnolog\u00eda m\u00e1s avanzada en materia de asistencia a la conducci\u00f3n y conectividad que mejoran el confort y la seguridad a bordo, como es el caso del sistema de vigilancia Front Assist con frenada de emergencia en ciudad y detecci\u00f3n de peatones, el sensor de \u00e1ngulo muerto, la protecci\u00f3n de ocupantes proactiva, el Control de Crucero Adaptativo (ACC), la funci\u00f3n Park Assist y el Selector de Modos de Conducci\u00f3n, entre otros, que hacen que la experiencia de conducci\u00f3n sea m\u00e1s c\u00f3moda que nunca.<\/p>\n<p align=\"justify\">Este es el primer Polo GTI en disponer de un panel de instrumentos completamente digitalizado. Equipado con la \u00faltima generaci\u00f3n del VW Digital Cockpit, el peque\u00f1o compacto presenta una interfaz personalizable con un aspecto gr\u00e1fico \u00abSport\u00bb en rojo-blanco-negro espec\u00edfico para los modelos GTI. La selecci\u00f3n de infoentretenimiento, que incluye los sistemas \u00abComposition Colour\u00bb, \u00abComposition Media\u00bb y \u00abDiscover Media\u00bb, se basa en una pantalla 8,0 pulgadas y permite interconectar veh\u00edculo con conductor y ocupantes de forma innovadora y sencilla. Gracias a esto, los ocupantes pueden estar siempre conectados a trav\u00e9s de los servicios en l\u00ednea App-Connect, Media Control y Guide &amp; Inform. <\/p>\n<p align=\"justify\">Todo ello, sumado a un precio competitivo, 23.100\u20ac (campa\u00f1as y descuentos incluidos), convierte el nuevo Polo GTI en el veh\u00edculo ideal para una nueva generaci\u00f3n de conductores que busca la combinaci\u00f3n id\u00f3nea de deportividad y tecnolog\u00eda en un formato compacto y atractivo.<\/p><\/p>\n","protected":false},"excerpt":{"rendered":"El Polo GTI alcanza, por primera vez, la marca de los 200 CV de potenciaAmplia selecci\u00f3n de sistemas de asistencia al conductor: Front Assist, ACC, Park Assist y Selector de Modo de Conducci\u00f3n, entre otrosEl","protected":false},"author":1,"featured_media":24967,"comment_status":"open","ping_status":"open","sticky":false,"template":"","format":"standard","meta":{"_acf_changed":false,"ep_exclude_from_search":false,"footnotes":""},"categories":[246],"tags":[],"class_list":["post-24964","post","type-post","status-publish","format-standard","has-post-thumbnail","hentry","category-polo-historico-de-modelos"],"acf":[],"_links":{"self":[{"href":"https:\/\/www.volkswagen.es\/comunicacion\/wp-json\/wp\/v2\/posts\/24964","targetHints":{"allow":["GET"]}}],"collection":[{"href":"https:\/\/www.volkswagen.es\/comunicacion\/wp-json\/wp\/v2\/posts"}],"about":[{"href":"https:\/\/www.volkswagen.es\/comunicacion\/wp-json\/wp\/v2\/types\/post"}],"author":[{"embeddable":true,"href":"https:\/\/www.volkswagen.es\/comunicacion\/wp-json\/wp\/v2\/users\/1"}],"replies":[{"embeddable":true,"href":"https:\/\/www.volkswagen.es\/comunicacion\/wp-json\/wp\/v2\/comments?post=24964"}],"version-history":[{"count":2,"href":"https:\/\/www.volkswagen.es\/comunicacion\/wp-json\/wp\/v2\/posts\/24964\/revisions"}],"predecessor-version":[{"id":52430,"href":"https:\/\/www.volkswagen.es\/comunicacion\/wp-json\/wp\/v2\/posts\/24964\/revisions\/52430"}],"wp:featuredmedia":[{"embeddable":true,"href":"https:\/\/www.volkswagen.es\/comunicacion\/wp-json\/wp\/v2\/media\/24967"}],"wp:attachment":[{"href":"https:\/\/www.volkswagen.es\/comunicacion\/wp-json\/wp\/v2\/media?parent=24964"}],"wp:term":[{"taxonomy":"category","embeddable":true,"href":"https:\/\/www.volkswagen.es\/comunicacion\/wp-json\/wp\/v2\/categories?post=24964"},{"taxonomy":"post_tag","embeddable":true,"href":"https:\/\/www.volkswagen.es\/comunicacion\/wp-json\/wp\/v2\/tags?post=24964"}],"curies":[{"name":"wp","href":"https:\/\/api.w.org\/{rel}","templated":true}]}}