{"id":24927,"date":"2017-11-17T00:00:00","date_gmt":"2017-11-17T00:00:00","guid":{"rendered":"https:\/\/www.volkswagen.es\/2017\/11\/17\/valoracion-provisional-positiva-del-pacto-de-futuro-tras-un-ano-de-andadura\/"},"modified":"2017-11-17T00:00:00","modified_gmt":"2017-11-17T00:00:00","slug":"valoracion-provisional-positiva-del-pacto-de-futuro-tras-un-ano-de-andadura","status":"publish","type":"post","link":"https:\/\/www.volkswagen.es\/comunicacion\/valoracion-provisional-positiva-del-pacto-de-futuro-tras-un-ano-de-andadura\/","title":{"rendered":"VALORACI\u00d3N PROVISIONAL POSITIVA DEL PACTO DE FUTURO TRAS UN A\u00d1O DE ANDADURA"},"content":{"rendered":"<p >El consejero delegado de la marca Volkswagen, el Dr. Herbert Diess, dijo: \u00abHemos realizado avances considerables con el pacto de futuro, pero todav\u00eda tenemos un exigente camino por delante.  Mayor productividad, una mejor metodolog\u00eda de trabajo y unas estructuras m\u00e1s \u00e1giles y  eficientes en todas las \u00e1reas de negocio ser\u00e1n indispensables para asegurar permanentemente la viabilidad futura de Volkswagen. Trabajaremos intensivamente en estos elementos a lo largo de los pr\u00f3ximos a\u00f1os\u00bb.<\/p>\n<\/p>\n<p >El presidente del Comit\u00e9 de Empresa, Bernd Osterloh, concret\u00f3: \u00abEl pacto de futuro es una historia de \u00e9xito. Ahora tenemos muy claro que cumpliremos nuestros objetivos de eficiencia para 2017 y que hay buenos motivos para pensar que tambi\u00e9n lo lograremos en 2018. Sin embargo, el pacto de futuro es tambi\u00e9n el fruto de un esfuerzo considerable por parte de miles de compa\u00f1eros que han apoyado estos cambios o se han familiarizado con las nuevas tareas. Su compromiso es una garant\u00eda para el futuro de Volkswagen\u00bb.<\/p>\n<\/p>\n<p >El responsable de Recursos Humanos del Comit\u00e9 Ejecutivo, el Dr. Karlheinz Blessing, dijo: \u00abUn elemento clave del pacto de futuro es la transformaci\u00f3n de la plantilla. Hemos realizado avances considerables en este \u00e1mbito. En lo relativo al plan de jubilaci\u00f3n anticipada, alcanzaremos el objetivo de 9.200 contratos firmados, algo que nos hab\u00edamos fijado para el 2020, a finales de 2017. Continuaremos reduciendo la plantilla en \u00e1mbitos de trabajo que no son viables para el futuro y reduciremos el empleo de personal temporal. Adem\u00e1s, hemos iniciado con \u00e9xito la formaci\u00f3n y el desarrollo profesional en \u00e1reas orientadas al futuro\u00bb.<\/p>\n<\/p>\n<p >El pacto de futuro, que se acord\u00f3 en noviembre de 2016, establece las bases de la estrategia \u00abTransform 2025+\u00bb de la marca Volkswagen. Con esta estrategia, la marca se reorienta de forma consistente hacia el futuro. \u00abTransform 2025+\u00bb tiene por objetivo mejorar destacablemente la rentabilidad de Volkswagen, hacer la marca considerablemente m\u00e1s eficiente e internacional y, en paralelo, expandir de forma significativa la gama de modelos adoptando r\u00e1pidamente la e-movilidad, la digitalizaci\u00f3n, la conectividad de veh\u00edculo y la conducci\u00f3n aut\u00f3noma.<\/p>\n<\/p>\n<p >El pacto de futuro prev\u00e9 ahorros y mejoras de la eficiencia en todas las \u00e1reas y en todas las instalaciones, con un impacto positivo anual sobre la rentabilidad de 3.700 millones de euros a partir de 2020, incluyendo 3.000 millones en Alemania. El pacto tambi\u00e9n incluye una reducci\u00f3n de plantilla socialmente responsable de 23.000 puestos de trabajo en Alemania, a la vez que se crean 9.000 nuevos empleos orientados al futuro.<\/p><\/p>\n","protected":false},"excerpt":{"rendered":"El pacto de futuro sigue por el camino del \u00e9xito un a\u00f1o despu\u00e9s de la firma del acuerdoLos ahorros derivados de la eficiencia en 2017 fueron de 1.900 millones de eurosLa transformaci\u00f3n y reducci\u00f3n de","protected":false},"author":1,"featured_media":0,"comment_status":"open","ping_status":"open","sticky":false,"template":"","format":"standard","meta":{"_acf_changed":false,"ep_exclude_from_search":false,"footnotes":""},"categories":[279],"tags":[],"class_list":["post-24927","post","type-post","status-publish","format-standard","hentry","category-corporativo"],"acf":[],"_links":{"self":[{"href":"https:\/\/www.volkswagen.es\/comunicacion\/wp-json\/wp\/v2\/posts\/24927","targetHints":{"allow":["GET"]}}],"collection":[{"href":"https:\/\/www.volkswagen.es\/comunicacion\/wp-json\/wp\/v2\/posts"}],"about":[{"href":"https:\/\/www.volkswagen.es\/comunicacion\/wp-json\/wp\/v2\/types\/post"}],"author":[{"embeddable":true,"href":"https:\/\/www.volkswagen.es\/comunicacion\/wp-json\/wp\/v2\/users\/1"}],"replies":[{"embeddable":true,"href":"https:\/\/www.volkswagen.es\/comunicacion\/wp-json\/wp\/v2\/comments?post=24927"}],"version-history":[{"count":0,"href":"https:\/\/www.volkswagen.es\/comunicacion\/wp-json\/wp\/v2\/posts\/24927\/revisions"}],"wp:attachment":[{"href":"https:\/\/www.volkswagen.es\/comunicacion\/wp-json\/wp\/v2\/media?parent=24927"}],"wp:term":[{"taxonomy":"category","embeddable":true,"href":"https:\/\/www.volkswagen.es\/comunicacion\/wp-json\/wp\/v2\/categories?post=24927"},{"taxonomy":"post_tag","embeddable":true,"href":"https:\/\/www.volkswagen.es\/comunicacion\/wp-json\/wp\/v2\/tags?post=24927"}],"curies":[{"name":"wp","href":"https:\/\/api.w.org\/{rel}","templated":true}]}}