{"id":24917,"date":"2017-10-30T00:00:00","date_gmt":"2017-10-30T00:00:00","guid":{"rendered":"https:\/\/www.volkswagen.es\/2017\/10\/30\/volkswagen-continua-con-su-trayectoria-exitosa\/"},"modified":"2021-04-09T07:13:24","modified_gmt":"2021-04-09T07:13:24","slug":"volkswagen-continua-con-su-trayectoria-exitosa","status":"publish","type":"post","link":"https:\/\/www.volkswagen.es\/comunicacion\/volkswagen-continua-con-su-trayectoria-exitosa\/","title":{"rendered":"VOLKSWAGEN CONTIN\u00daA CON SU TRAYECTORIA EXITOSA"},"content":{"rendered":"<p ><span>\u00abLa marca Volkswagen est\u00e1 implementando sistem\u00e1ticamente su estrategia Transform 2025+. Nuestra ofensiva de modelos es cada vez m\u00e1s rentable, se est\u00e1n afianzando los programas en los distintos mercados, la nueva orientaci\u00f3n estrat\u00e9gica de la marca est\u00e1 produciendo buenos resultados globales. Nuestro poder adquisitivo operativo ha mejorado con mayor rapidez de la que hab\u00edamos previsto y vamos camino de lograr nuestros objetivos estrat\u00e9gicos clave: hacer competitiva a Volkswagen en  el \u00e1mbito de la &#8216;movilidad del ma\u00f1ana'\u00bb, explic\u00f3 el consejero delegado de Volkswagen, Herbert Diess.<\/span><\/p>\n<p><span> <\/span><\/p>\n<p ><span>Las matriculaciones reflejan este desarrollo positivo de la marca en los nueve primeros meses del a\u00f1o. Se entregaron 4, 49 millones de veh\u00edculos hasta finales de septiembre, lo que supone un incremento del 2,7% respecto al a\u00f1o anterior. Las ventas tomaron un impulso significativo a medida que avanzaba el a\u00f1o, con ganancias particularmente s\u00f3lidas en Sudam\u00e9rica a lo largo de los nueve primeros meses (+24.0 %). La situaci\u00f3n en el mercado de Alemania, donde el debate sobre el futuro de la propulsi\u00f3n diesel influy\u00f3 en las entregas durante el a\u00f1o, tambi\u00e9n muestra signos de recuperaci\u00f3n.<\/span><\/p>\n<p><span> <\/span><\/p>\n<p ><span>\u00abHasta el momento, Volkswagen ha enviado una clara y fuerte se\u00f1al con los nuevos modelos y la tendencia asociada a las entregas. Hemos vuelto a crecer en todas las regiones y tenemos muchas razones para mirar al futuro con optimismo\u00bb, coment\u00f3 el Responsable de Ventas del Comit\u00e9 Ejecutivo  de la Marca, J\u00fcrgen Stackmann.<\/span><\/p>\n<p ><span> <\/span><\/p>\n<p ><span>Los datos financieros mejoran la previsi\u00f3n de beneficios<\/span><\/p>\n<p><span> <\/span><\/p>\n<p ><span>El \u00e9xito del mercado ha sido un factor importante en el desarrollo positivo de ventas en lo que va del a\u00f1o. El volumen  y los efectos de margen tuvieron un impacto positivo en el beneficio operativo antes de extraordinarios. Esta tendencia alcista tambi\u00e9n se atribuy\u00f3 a nuevas mejoras en la situaci\u00f3n de los costes, en parte como resultado de la aplicaci\u00f3n con \u00e9xito del Pacto de Futuro definido un a\u00f1o antes. A pesar de la continua ofensiva de producto, los costes fijos se mantuvieron al nivel del a\u00f1o anterior. El progreso en curso respecto al cambio en Estados Unidos y Rusia tambi\u00e9n contribuy\u00f3 a la mejora en la situaci\u00f3n de los m\u00e1rgenes.<\/span><\/p>\n<p><span> <\/span><\/p>\n<p ><span>Para lo que queda de a\u00f1o, el Comit\u00e9 Ejecutivo de la marca Volkswagen espera que contin\u00fae el desarrollo financiero positivo de los primeros tres trimestres. Se prev\u00e9 que los ingresos crezcan un 10% respecto al a\u00f1o pasado. Se espera que la rentabilidad operativa de las ventas antes de extraordinarios suba moderadamente, entre el 2,5 y el 3,5 %. Teniendo en cuenta las inversiones previstas en los pr\u00f3ximos a\u00f1os, el objetivo de crecimiento de la rentabilidad se fijar\u00eda en un 4% para 2020 y aumentar\u00eda hasta el 6% para 2025.<\/span><\/p>\n<p><span> <\/span><\/p>\n<p ><span>Arno Antlitz, responsable de Finanzas del Comit\u00e9 Ejecutivo de la marca, dijo: \u00abPaso a paso iremos logrando un crecimiento sostenible de nuestro poder adquisitivo en los pr\u00f3ximos a\u00f1os. Nos centraremos en mejorar nuestra competitividad implementando sistem\u00e1ticamente el cambio en las distintas regiones y manteniendo la mayor ofensiva de modelos de la historia de la marca\u00bb. Adem\u00e1s. Volkswagen seguir\u00e1 adelante con la preparaci\u00f3n de la ofensiva de innovadores veh\u00edculos el\u00e9ctricos a partir de 2020.<\/span><\/p>\n<p><span> <\/span><\/p>\n<p><span> <\/span><\/p>\n","protected":false},"excerpt":{"rendered":"La marca principal del Grupo registr\u00f3 un mayor crecimiento en los ingresos y el beneficio operativo antes de extraordinarios en el tercer trimestreLa estrategia \"Transform 2025+\" genera resultados sosteniblesLos costes de desarrollo se mantienen bajo","protected":false},"author":1,"featured_media":0,"comment_status":"open","ping_status":"open","sticky":false,"template":"","format":"standard","meta":{"_acf_changed":false,"ep_exclude_from_search":false,"footnotes":""},"categories":[279],"tags":[],"class_list":["post-24917","post","type-post","status-publish","format-standard","hentry","category-corporativo"],"acf":[],"_links":{"self":[{"href":"https:\/\/www.volkswagen.es\/comunicacion\/wp-json\/wp\/v2\/posts\/24917","targetHints":{"allow":["GET"]}}],"collection":[{"href":"https:\/\/www.volkswagen.es\/comunicacion\/wp-json\/wp\/v2\/posts"}],"about":[{"href":"https:\/\/www.volkswagen.es\/comunicacion\/wp-json\/wp\/v2\/types\/post"}],"author":[{"embeddable":true,"href":"https:\/\/www.volkswagen.es\/comunicacion\/wp-json\/wp\/v2\/users\/1"}],"replies":[{"embeddable":true,"href":"https:\/\/www.volkswagen.es\/comunicacion\/wp-json\/wp\/v2\/comments?post=24917"}],"version-history":[{"count":1,"href":"https:\/\/www.volkswagen.es\/comunicacion\/wp-json\/wp\/v2\/posts\/24917\/revisions"}],"predecessor-version":[{"id":48263,"href":"https:\/\/www.volkswagen.es\/comunicacion\/wp-json\/wp\/v2\/posts\/24917\/revisions\/48263"}],"wp:attachment":[{"href":"https:\/\/www.volkswagen.es\/comunicacion\/wp-json\/wp\/v2\/media?parent=24917"}],"wp:term":[{"taxonomy":"category","embeddable":true,"href":"https:\/\/www.volkswagen.es\/comunicacion\/wp-json\/wp\/v2\/categories?post=24917"},{"taxonomy":"post_tag","embeddable":true,"href":"https:\/\/www.volkswagen.es\/comunicacion\/wp-json\/wp\/v2\/tags?post=24917"}],"curies":[{"name":"wp","href":"https:\/\/api.w.org\/{rel}","templated":true}]}}