{"id":24622,"date":"2017-03-16T00:00:00","date_gmt":"2017-03-16T00:00:00","guid":{"rendered":"https:\/\/www.volkswagen.es\/2017\/03\/16\/volkswagen-academy-navarra-cumple-cinco-anos-con-671-571-horas-lectivas-impartidas-y-cerca-de-38-000-alumnos\/"},"modified":"2017-03-16T00:00:00","modified_gmt":"2017-03-16T00:00:00","slug":"volkswagen-academy-navarra-cumple-cinco-anos-con-671-571-horas-lectivas-impartidas-y-cerca-de-38-000-alumnos","status":"publish","type":"post","link":"https:\/\/www.volkswagen.es\/comunicacion\/volkswagen-academy-navarra-cumple-cinco-anos-con-671-571-horas-lectivas-impartidas-y-cerca-de-38-000-alumnos\/","title":{"rendered":"VOLKSWAGEN ACADEMY NAVARRA CUMPLE CINCO A\u00d1OS CON 671.571 HORAS LECTIVAS IMPARTIDAS Y CERCA DE 38.000 ALUMNOS"},"content":{"rendered":"<p >Volkswagen Academy Navarra, que cuenta actualmente con una plantilla de once personas, fue inaugurada el 16 de marzo de 2012, con una superficie \u00fatil de 3.500 metros cuadrados y una inversi\u00f3n de 4,7 millones de euros.<\/p>\n<\/p>\n<p >En estos cinco a\u00f1os, Volkswagen Academy Navarra ha organizado 6.529 acciones formativas dirigidas a trabajadores de Volkswagen Navarra (sobre materias como medio ambiente, procesos de fabricaci\u00f3n, inform\u00e1tica, buenas pr\u00e1cticas, idiomas&#8230;), y en algunas de ellas tambi\u00e9n han participado trabajadores de otras empresas, del parque de proveedores y negocios vinculados al sector de la automoci\u00f3n.<\/p>\n<\/p>\n<p >En el mismo periodo, el centro de formaci\u00f3n ha desarrollado cinco ediciones del Programa de Aprendices, con un total de 102 participantes. Se trata de un posgrado al que los alumnos acceden tras finalizar un grado de Formaci\u00f3n Profesional y en el que reciben, bajo el modelo de formaci\u00f3n dual, dos a\u00f1os de ense\u00f1anza te\u00f3rica y pr\u00e1ctica. A su conclusi\u00f3n, los aprendices pueden tener la opci\u00f3n de trabajar en Volkswagen Navarra. De hecho, el 90% de los integrantes de las cuatro primeras ediciones sigue actualmente en la f\u00e1brica.<\/p>\n<\/p>\n<p >Oferta de pr\u00e1cticas y presencia en dos m\u00e1steres<\/p>\n<p >En paralelo, Volkswagen Academy Navarra ha desarrollado programas de pr\u00e1cticas para estudiantes de distintos niveles acad\u00e9micos. En concreto, en este lustro han realizado pr\u00e1cticas en la f\u00e1brica 247 estudiantes de Formaci\u00f3n Profesional y 339 de ense\u00f1anzas universitarias, repartidos por las distintas \u00e1reas de la empresa.<\/p>\n<\/p>\n<p >Por \u00faltimo, tambi\u00e9n se han llevado a cabo cuatro ediciones del M\u00e1ster SAP (organizado en colaboraci\u00f3n con la C\u00e1mara Navarra de Comercio), por las que han pasado 66 personas; y tres ediciones del M\u00e1ster en Direcci\u00f3n de Producci\u00f3n (elaborado conjuntamente con la Escuela de Ingenieros de la Universidad de Navarra), en las que han participado 53 alumnos.<\/p>\n<\/p>\n<p >\u00abEn estos cinco a\u00f1os Volkswagen Navarra ha completado una apuesta firme por la formaci\u00f3n. El trabajo realizado desde Volkswagen Academy Navarra ha permitido avanzar en la preparaci\u00f3n de nuestros trabajadores, desarrollar el modelo de formaci\u00f3n dual como una de las principales v\u00edas de entrada de talento joven a nuestra f\u00e1brica y consolidar un espacio dedicado al conocimiento y al aprendizaje\u00bb, explica Mikel Herrera, gerente de Desarrollo y Estrategia de Recursos Humanos de Volkswagen Navarra.<\/p>\n<\/p>\n<p >De cara al futuro, Herrera se\u00f1ala un reto importante para Volkswagen Academy Navarra: dar respuesta a la formaci\u00f3n vinculada a la industria 4.0, que basa su desarrollo en una mayor automatizaci\u00f3n y digitalizaci\u00f3n de los procesos de producci\u00f3n. \u00abTenemos que identificar las nuevas competencias del futuro e impulsar un plan de aprendizaje espec\u00edfico, que nos permita ofrecer a nuestros trabajadores una formaci\u00f3n de garant\u00edas en esta evoluci\u00f3n hacia la industria 4.0\u00bb, concluye.    <\/p><\/p>\n","protected":false},"excerpt":{"rendered":"El centro de formaci\u00f3n de Volkswagen Navarra se ha consolidado desde 2012 como un espacio de aprendizaje para trabajadores de la f\u00e1brica y estudiantes de FP y universidadVolkswagen Academy Navarra, el centro de formaci\u00f3n de","protected":false},"author":1,"featured_media":24625,"comment_status":"open","ping_status":"open","sticky":false,"template":"","format":"standard","meta":{"_acf_changed":false,"ep_exclude_from_search":false,"footnotes":""},"categories":[282],"tags":[],"class_list":["post-24622","post","type-post","status-publish","format-standard","has-post-thumbnail","hentry","category-fabricas-e-instalaciones"],"acf":[],"_links":{"self":[{"href":"https:\/\/www.volkswagen.es\/comunicacion\/wp-json\/wp\/v2\/posts\/24622","targetHints":{"allow":["GET"]}}],"collection":[{"href":"https:\/\/www.volkswagen.es\/comunicacion\/wp-json\/wp\/v2\/posts"}],"about":[{"href":"https:\/\/www.volkswagen.es\/comunicacion\/wp-json\/wp\/v2\/types\/post"}],"author":[{"embeddable":true,"href":"https:\/\/www.volkswagen.es\/comunicacion\/wp-json\/wp\/v2\/users\/1"}],"replies":[{"embeddable":true,"href":"https:\/\/www.volkswagen.es\/comunicacion\/wp-json\/wp\/v2\/comments?post=24622"}],"version-history":[{"count":0,"href":"https:\/\/www.volkswagen.es\/comunicacion\/wp-json\/wp\/v2\/posts\/24622\/revisions"}],"wp:featuredmedia":[{"embeddable":true,"href":"https:\/\/www.volkswagen.es\/comunicacion\/wp-json\/wp\/v2\/media\/24625"}],"wp:attachment":[{"href":"https:\/\/www.volkswagen.es\/comunicacion\/wp-json\/wp\/v2\/media?parent=24622"}],"wp:term":[{"taxonomy":"category","embeddable":true,"href":"https:\/\/www.volkswagen.es\/comunicacion\/wp-json\/wp\/v2\/categories?post=24622"},{"taxonomy":"post_tag","embeddable":true,"href":"https:\/\/www.volkswagen.es\/comunicacion\/wp-json\/wp\/v2\/tags?post=24622"}],"curies":[{"name":"wp","href":"https:\/\/api.w.org\/{rel}","templated":true}]}}