{"id":24390,"date":"2016-09-27T00:00:00","date_gmt":"2016-09-27T00:00:00","guid":{"rendered":"https:\/\/www.volkswagen.es\/2016\/09\/27\/volkswagen-acerca-al-publico-su-gama-de-vehiculos-mas-eficiente\/"},"modified":"2021-02-20T23:05:41","modified_gmt":"2021-02-20T23:05:41","slug":"volkswagen-acerca-al-publico-su-gama-de-vehiculos-mas-eficiente","status":"publish","type":"post","link":"https:\/\/www.volkswagen.es\/comunicacion\/volkswagen-acerca-al-publico-su-gama-de-vehiculos-mas-eficiente\/","title":{"rendered":"VOLKSWAGEN ACERCA AL P\u00daBLICO SU GAMA DE VEH\u00cdCULOS M\u00c1S EFICIENTE"},"content":{"rendered":"<p align=\"justify\"><span>Durante el fin de semana, los visitantes tendr\u00e1n la oportunidad de ver expuestos algunos de los modelos que presenta Volkswagen, y de realizar tests de conducci\u00f3n para experimentar las sensaciones al volante de un veh\u00edculo el\u00e9ctrico o h\u00edbrido enchufable. e-Golf, Golf GTE, Passat Berlina GTE y Passat Variant GTE son los mejores representantes de c\u00f3mo Volkswagen aplica la tecnolog\u00eda de propulsi\u00f3n el\u00e9ctrica a sus veh\u00edculos, y este evento es la mejor forma de descubrir la movilidad del futuro.<\/span><\/p>\n<p align=\"justify\"><span> <\/span><\/p>\n<p align=\"justify\"><span>Hablando del futuro, el imponente XL1, que se presenta como el autom\u00f3vil de un litro que menos consume y menos contamina del mundo, estar\u00e1 disponible para pruebas de conducci\u00f3n <\/span><span><span>exclusivas <\/span>con clientes de Volkswagen. Los cuatro ganadores del concurso que Volkswagen puso en marcha con motivo de su participaci\u00f3n en Expoelectric, tendr\u00e1n la oportunidad de ponerse al volante de este modelo \u00fanico.<\/span><\/p>\n<p align=\"justify\"><span> <\/span><\/p>\n<p align=\"justify\"><span>Adem\u00e1s de presentar su gama m\u00e1s sostenible, Volkswagen participar\u00e1 en otras actividades divulgativas que Expoelectric pone a disposici\u00f3n de los participantes. As\u00ed, la marca estar\u00e1 presente en el <i>e-Coloquio<\/i> que se impartir\u00e1 la ma\u00f1ana del s\u00e1bado 1 de octubre. Jorge Florit, responsable de e-Mobility para la marca Volkswagen, debatir\u00e1 sobre el presente y futuro de la movilidad el\u00e9ctrica.<\/span><\/p>\n<p align=\"justify\"><span> <\/span><\/p>\n<p align=\"justify\"><span>Dentro de las actividades de car\u00e1cter l\u00fadico, la gama de veh\u00edculos el\u00e9ctricos de Volkswagen participar\u00e1n en el <i>e-Concierto<\/i> el domingo 2 de octubre. Se trata de una iniciativa \u00fanica y divertida con la que se quiere demostrar a los asistentes la mejora ac\u00fastica del entorno urbano cuando el tr\u00e1fico es 100% el\u00e9ctrico. Para ello, un grupo coral cantar\u00e1 en directo mientras una caravana de veh\u00edculos el\u00e9ctricos desfila a su alrededor.    <\/span><\/p>\n<p align=\"justify\">\n<p align=\"justify\" ><span> <\/span><\/p>\n<p align=\"justify\" ><span> <\/span><\/p>\n<p align=\"justify\" ><span>Volkswagen: movilidad el\u00e9ctrica e h\u00edbrida enchufable que emociona<\/span><\/p>\n<p align=\"justify\" ><span> <\/span><\/p>\n<p align=\"justify\" ><span>e-Golf, 100% el\u00e9ctrico y 100% Golf<\/span><\/p>\n<p align=\"justify\"><span>Con hasta 190 km de autonom\u00eda con una \u00fanica carga de bater\u00eda y un consumo medio de energ\u00eda de solo 12,7 kWh por cada 100 km, el e-Golf es toda una referencia en su clase. La versi\u00f3n de propulsi\u00f3n el\u00e9ctrica del modelo m\u00e1s exitoso de Europa se comporta en la carretera como cualquier otra versi\u00f3n de la gama equipada con motor de combusti\u00f3n, pero lo hace sin ruido y con emisiones cero.<\/span><\/p>\n<p align=\"justify\"><span> <\/span><\/p>\n<p align=\"justify\" ><span>Golf y Passat GTE (Berlina y Variant) a\u00fanan lo mejor de dos mundos<\/span><\/p>\n<p align=\"justify\">Las siglas &#8216;GTE&#8217; representan la deportividad m\u00e1s sostenible de la marca. Golf GTE combina un motor turbo de gasolina e inyecci\u00f3n directa (1.4 TSI) de 150 CV con un motor el\u00e9ctrico de 102 CV que se acoplan a un cambio autom\u00e1tico DSG de seis velocidades para otorgar una potencia m\u00e1xima de 204 CV. El consumo de este modelo es de 1,6 l\/100 km de gasolina (emisiones de CO2 de 37 g\/km) y 11,6 kWh\/100 km de electricidad. La autonom\u00eda en modo puramente el\u00e9ctrico puede alcanzar hasta los 50 km y la total se sit\u00faa hasta 939 km.<\/p>\n<p align=\"justify\">\n<p align=\"justify\">En el caso de Passat GTE, en carrocer\u00edas Berlina y Variant, el citado motor 1.4 TSI genera una potencia m\u00e1xima de 156 CV, mientras que la unidad el\u00e9ctrica es de 115 CV, que combinando ambos motores entrega la m\u00e1xima potencia con 218 CV. El consumo es de entre 1,6 y 1,7 l\/100 km de gasolina y entre 12,2 y 12,8 kWh\/100km (Berlina) y entre 12,4 y 12,9 kWh\/100 km (Variant), con una tasa de emisiones de CO2 de entre 37 y 39 g\/km. La autonom\u00eda el\u00e9ctrica tambi\u00e9n es de hasta 50 km, mientras que la total supera los 1.000 km.<\/p>\n<p align=\"justify\">\n<p align=\"justify\">Tanto Golf GTE como Passat Berlina y Passat Variant GTE se distinguen por el modo \u00abE-Mode\u00bb, que ofrece propulsi\u00f3n totalmente el\u00e9ctrica para trayectos urbanos y distancias cortas. La carga de la bater\u00eda de iones de litio y de alto voltaje se puede realizar mediante un enchufe dom\u00e9stico, un wallbox, o con el modo \u00abBattery Charge\u00bb durante la conducci\u00f3n.<\/p>\n<p align=\"justify\" ><span> <\/span><\/p>\n<p align=\"justify\" ><span>XL1<\/span><\/p>\n<p align=\"justify\"><span>Se presenta como el autom\u00f3vil de un litro que menos consume y menos contamina del mundo. Tiene un consumo de 0,9 l\/100 km, y gracias a su sistema h\u00edbrido enchufable di\u00e9sel-el\u00e9ctrico, ofrece una autonom\u00eda de hasta 50 kil\u00f3metros en modo puramente el\u00e9ctrico. Su peso es de tan solo 795 kg gracias al empleo de avanzados materiales muy ligeros y su aerodin\u00e1mica es perfecta, por lo que solo necesita unos escasos 6,2 kW \/ 8,4 CV para deslizarse a una velocidad constante de 100 km\/h en un terreno llano. XL1 puede recorrer m\u00e1s de un kil\u00f3metro con menos de 0,1 kWh de energ\u00eda.<\/span><\/p>\n<p align=\"justify\"><span> <\/span><\/p>\n<p align=\"justify\">\n<p align=\"justify\" >Enlaces de inter\u00e9s<\/p>\n<p align=\"justify\"><span> <\/span><\/p>\n<p align=\"justify\"><span><a href=\"http:\/\/www.expoelectric-formulae.cat\/es\/\">Web Expoelectric<\/a><\/span><\/p>\n<p align=\"justify\"><span> <\/span><\/p>\n<p align=\"justify\"><span> <\/span><\/p>\n<p align=\"justify\"><span>Para m\u00e1s informaci\u00f3n:<\/span><\/p>\n<p align=\"justify\"><span> <\/span><\/p>\n<p align=\"justify\" ><span>Direcci\u00f3n de Comunicaci\u00f3n y Relaciones Externas<\/span><\/p>\n<p align=\"justify\" ><span>Volkswagen-Audi Espa\u00f1a<\/span><\/p>\n<p align=\"justify\" ><span> <\/span><\/p>\n<p align=\"justify\"><span>Tel: +34 91 348 86 00<\/span><\/p>\n<p align=\"justify\"><span>Directora de Comunicaci\u00f3n. Eva Vicente, e-mail: <a href=\"mailto:eva.vicente@vw-audi.es\"><span>eva.vicente@vw-audi.es<\/span><\/a><\/span><\/p>\n<p align=\"justify\"><span>Jefa de Prensa de Comunicaci\u00f3n Corporativa de Volkswagen. Ana Rivas, e-mail: <a href=\"mailto:rivas2@vw-audi.es\"><span>rivas2@vw-audi.es<\/span><\/a> Tel: + 34 91 348 86 36<\/span><\/p>\n<\/p>\n<p><!--[if gte mso 9]&gt;   800x600 &lt;![endif]--><!--[if gte mso 9]&gt;   Normal  0      21      false  false  false    ES  X-NONE  X-NONE                                 MicrosoftInternetExplorer4                                     &lt;![endif]--><!--[if gte mso 9]&gt;                                                                                                                                                                                                                                                                                          &lt;![endif]--><!--[if gte mso 10]&gt; \/* Style Definitions *\/ table.MsoNormalTable        {mso-style-name:\"Tabla normal\";        mso-tstyle-rowband-size:0;        mso-tstyle-colband-size:0;        mso-style-noshow:yes;        mso-style-priority:99;        mso-style-parent:\"\";        mso-padding-alt:0cm 5.4pt 0cm 5.4pt;        mso-para-margin:0cm;        mso-para-margin-bottom:.0001pt;        mso-pagination:widow-orphan;                font-family:\"Times New Roman\",\"serif\";}&lt;![endif]--><\/p>\n","protected":false},"excerpt":{"rendered":"La marca estar\u00e1 presente en Expoelectric 2016, uno de los encuentros de movilidad el\u00e9ctrica m\u00e1s importantes de Europa La gama de modelos el\u00e9ctricos e h\u00edbridos enchufables de la marca alemana estar\u00e1 expuesta y disponible para","protected":false},"author":1,"featured_media":24393,"comment_status":"open","ping_status":"open","sticky":false,"template":"","format":"standard","meta":{"_acf_changed":false,"ep_exclude_from_search":false,"footnotes":""},"categories":[263,262,265,253],"tags":[],"class_list":["post-24390","post","type-post","status-publish","format-standard","has-post-thumbnail","hentry","category-e-golf","category-golf-gte-golf-historico-de-modelos","category-passat-gte-passat-historico-de-modelos","category-xl1"],"acf":[],"_links":{"self":[{"href":"https:\/\/www.volkswagen.es\/comunicacion\/wp-json\/wp\/v2\/posts\/24390","targetHints":{"allow":["GET"]}}],"collection":[{"href":"https:\/\/www.volkswagen.es\/comunicacion\/wp-json\/wp\/v2\/posts"}],"about":[{"href":"https:\/\/www.volkswagen.es\/comunicacion\/wp-json\/wp\/v2\/types\/post"}],"author":[{"embeddable":true,"href":"https:\/\/www.volkswagen.es\/comunicacion\/wp-json\/wp\/v2\/users\/1"}],"replies":[{"embeddable":true,"href":"https:\/\/www.volkswagen.es\/comunicacion\/wp-json\/wp\/v2\/comments?post=24390"}],"version-history":[{"count":1,"href":"https:\/\/www.volkswagen.es\/comunicacion\/wp-json\/wp\/v2\/posts\/24390\/revisions"}],"predecessor-version":[{"id":48225,"href":"https:\/\/www.volkswagen.es\/comunicacion\/wp-json\/wp\/v2\/posts\/24390\/revisions\/48225"}],"wp:featuredmedia":[{"embeddable":true,"href":"https:\/\/www.volkswagen.es\/comunicacion\/wp-json\/wp\/v2\/media\/24393"}],"wp:attachment":[{"href":"https:\/\/www.volkswagen.es\/comunicacion\/wp-json\/wp\/v2\/media?parent=24390"}],"wp:term":[{"taxonomy":"category","embeddable":true,"href":"https:\/\/www.volkswagen.es\/comunicacion\/wp-json\/wp\/v2\/categories?post=24390"},{"taxonomy":"post_tag","embeddable":true,"href":"https:\/\/www.volkswagen.es\/comunicacion\/wp-json\/wp\/v2\/tags?post=24390"}],"curies":[{"name":"wp","href":"https:\/\/api.w.org\/{rel}","templated":true}]}}