{"id":24371,"date":"2016-09-16T00:00:00","date_gmt":"2016-09-16T00:00:00","guid":{"rendered":"https:\/\/www.volkswagen.es\/2016\/09\/16\/volkswagen-presenta-un-vehiculo-electrico-para-una-nueva-era-en-el-salon-del-automovil-de-paris-2016\/"},"modified":"2016-09-16T00:00:00","modified_gmt":"2016-09-16T00:00:00","slug":"volkswagen-presenta-un-vehiculo-electrico-para-una-nueva-era-en-el-salon-del-automovil-de-paris-2016","status":"publish","type":"post","link":"https:\/\/www.volkswagen.es\/comunicacion\/volkswagen-presenta-un-vehiculo-electrico-para-una-nueva-era-en-el-salon-del-automovil-de-paris-2016\/","title":{"rendered":"VOLKSWAGEN PRESENTA UN VEH\u00cdCULO EL\u00c9CTRICO PARA UNA NUEVA ERA EN EL SAL\u00d3N DEL AUTOM\u00d3VIL DE PAR\u00cdS 2016"},"content":{"rendered":"<div >    <!--[if !mso]&gt;v:* {behavior:url(#default#VML);}o:* {behavior:url(#default#VML);}w:* {behavior:url(#default#VML);}.shape {behavior:url(#default#VML);}&lt;![endif]-->    <\/p>\n<p align=\"justify\"><span>Este prototipo \u00fanico en el mundo marca la entrada de la marca Volkswagen en una nueva era: el veh\u00edculo es tan revolucionario como lo fue el Beetle hace siete d\u00e9cadas antes de convertirse en el coche m\u00e1s vendido del siglo a nivel mundial. El prototipo tiene potencial para hacer historia con su concepto de veh\u00edculo completamente nuevo. El veh\u00edculo de producci\u00f3n que se lanzar\u00e1 despu\u00e9s ser\u00e1 el primer Volkswagen basado en la nueva plataforma modular de electrificaci\u00f3n (MEB) que llegar\u00e1 al mercado.<\/span><\/p>\n<p><!--[if gte mso 9]&gt;   Normal  0  false    21      false  false  false    ES  X-NONE  X-NONE                                                                    &lt;![endif]--><!--[if gte mso 9]&gt;                                                                                                                                                                                                                                                                                    &lt;![endif]--><!--[if gte mso 10]&gt; \/* Style Definitions *\/ table.MsoNormalTable        {mso-style-name:\"Tabla normal\";        mso-tstyle-rowband-size:0;        mso-tstyle-colband-size:0;        mso-style-noshow:yes;        mso-style-priority:99;        mso-style-parent:\"\";        mso-padding-alt:0cm 5.4pt 0cm 5.4pt;        mso-para-margin:0cm;        mso-para-margin-bottom:.0001pt;        mso-pagination:widow-orphan;                font-family:\"Calibri\",\"sans-serif\";}&lt;![endif]-->  <\/div>\n","protected":false},"excerpt":{"rendered":"\"Think New.\" \" Ic\u00f3nico prototipo de dise\u00f1o con potencial para hacer historiaLa presencia de Volkswagen en el Sal\u00f3n del Autom\u00f3vil de Par\u00eds de este a\u00f1o (del 1 al 16 de octubre) se resume en \"Think","protected":false},"author":1,"featured_media":24373,"comment_status":"open","ping_status":"open","sticky":false,"template":"","format":"standard","meta":{"_acf_changed":false,"ep_exclude_from_search":false,"footnotes":""},"categories":[277],"tags":[],"class_list":["post-24371","post","type-post","status-publish","format-standard","has-post-thumbnail","hentry","category-otros-prototipos"],"acf":[],"_links":{"self":[{"href":"https:\/\/www.volkswagen.es\/comunicacion\/wp-json\/wp\/v2\/posts\/24371","targetHints":{"allow":["GET"]}}],"collection":[{"href":"https:\/\/www.volkswagen.es\/comunicacion\/wp-json\/wp\/v2\/posts"}],"about":[{"href":"https:\/\/www.volkswagen.es\/comunicacion\/wp-json\/wp\/v2\/types\/post"}],"author":[{"embeddable":true,"href":"https:\/\/www.volkswagen.es\/comunicacion\/wp-json\/wp\/v2\/users\/1"}],"replies":[{"embeddable":true,"href":"https:\/\/www.volkswagen.es\/comunicacion\/wp-json\/wp\/v2\/comments?post=24371"}],"version-history":[{"count":0,"href":"https:\/\/www.volkswagen.es\/comunicacion\/wp-json\/wp\/v2\/posts\/24371\/revisions"}],"wp:featuredmedia":[{"embeddable":true,"href":"https:\/\/www.volkswagen.es\/comunicacion\/wp-json\/wp\/v2\/media\/24373"}],"wp:attachment":[{"href":"https:\/\/www.volkswagen.es\/comunicacion\/wp-json\/wp\/v2\/media?parent=24371"}],"wp:term":[{"taxonomy":"category","embeddable":true,"href":"https:\/\/www.volkswagen.es\/comunicacion\/wp-json\/wp\/v2\/categories?post=24371"},{"taxonomy":"post_tag","embeddable":true,"href":"https:\/\/www.volkswagen.es\/comunicacion\/wp-json\/wp\/v2\/tags?post=24371"}],"curies":[{"name":"wp","href":"https:\/\/api.w.org\/{rel}","templated":true}]}}