{"id":23990,"date":"2015-12-23T00:00:00","date_gmt":"2015-12-23T00:00:00","guid":{"rendered":"https:\/\/www.volkswagen.es\/2015\/12\/23\/19-alumnos-finalizan-la-tercera-edicion-del-programa-de-aprendices-de-volkswagen-academy-navarra\/"},"modified":"2015-12-23T00:00:00","modified_gmt":"2015-12-23T00:00:00","slug":"19-alumnos-finalizan-la-tercera-edicion-del-programa-de-aprendices-de-volkswagen-academy-navarra","status":"publish","type":"post","link":"https:\/\/www.volkswagen.es\/comunicacion\/19-alumnos-finalizan-la-tercera-edicion-del-programa-de-aprendices-de-volkswagen-academy-navarra\/","title":{"rendered":"19 ALUMNOS FINALIZAN LA TERCERA EDICI\u00d3N DEL PROGRAMA DE APRENDICES DE VOLKSWAGEN ACADEMY NAVARRA"},"content":{"rendered":"<p align=\"justify\">El acto de entrega, celebrado en las instalaciones de Volkswagen Navarra, cont\u00f3 con la presencia de Tanja Nauser, responsable de Formaci\u00f3n Profesional Dual de la C\u00e1mara de Comercio Alemana para Espa\u00f1a; Esther Monterrubio, directora del Servicio de Formaci\u00f3n Profesional del departamento de Educaci\u00f3n del Gobierno de Navarra; Mikel Herrera, gerente de Desarrollo y Estrategia de Recursos Humanos de Volkswagen Navarra; y Daniel \u00c1greda, responsable de Volkswagen Academy Navarra.<\/p>\n<p align=\"justify\">Durante el evento, \u00c1greda destac\u00f3 la importancia que tiene para el desarrollo de la f\u00e1brica un centro de formaci\u00f3n como Volkswagen Academy Navarra y remarc\u00f3 la apuesta de Volkswagen Navarra por la formaci\u00f3n, el empleo y la responsabilidad social.<\/p>\n<p align=\"justify\">El Programa de Aprendices de Volkswagen Academy Navarra permite a los alumnos aplicar sus conocimientos al mundo de la producci\u00f3n y del mantenimiento en la empresa, a trav\u00e9s de las tecnolog\u00edas de \u00faltima generaci\u00f3n. De este modo, impulsa y promueve la formaci\u00f3n dual, una f\u00f3rmula que combina la formaci\u00f3n te\u00f3rica y la pr\u00e1ctica, y que contribuye a aumentar la empleabilidad de los j\u00f3venes.<\/p>\n<p align=\"justify\">Se trata de un posgrado que posibilita a los alumnos la obtenci\u00f3n del t\u00edtulo alem\u00e1n homologado en la especialidad cursada, as\u00ed como el certificado del Gobierno de Navarra que les acredita como expertos en la misma especialidad.<\/p>\n<p align=\"justify\">\u00a0<\/p>\n<p align=\"justify\">Para m\u00e1s informaci\u00f3n:<\/p>\n<p align=\"justify\">Volkswagen Navarra, S.A.<\/p>\n<p align=\"justify\">Gerente Comunicaci\u00f3n y Relaciones Externas<\/p>\n<p align=\"justify\">Jes\u00fas Zorrilla Ruiz<\/p>\n<p align=\"justify\">+34 948 424550 \/ 670 303 383<\/p>\n<p align=\"justify\"><a href=\"mailto:jesus.zorrilla@vw-navarra.es\">jesus.zorrilla@vw-navarra.es<\/a><\/p>\n<p align=\"justify\"><a href=\"http:\/\/www.vw-navarra.es\/\">http:\/\/www.vw-navarra.es\/<\/a><\/p>\n","protected":false},"excerpt":{"rendered":"Un posgrado de Formaci\u00f3n Profesional \u00fanico en Espa\u00f1a que permite al alumno obtener el t\u00edtulo alem\u00e1n homologadoDiecinueve alumnos han recibido el diploma de la tercera edici\u00f3n del Programa de Aprendices de Volkswagen Academy Navarra con","protected":false},"author":1,"featured_media":23993,"comment_status":"open","ping_status":"open","sticky":false,"template":"","format":"standard","meta":{"_acf_changed":false,"ep_exclude_from_search":false,"footnotes":""},"categories":[282],"tags":[],"class_list":["post-23990","post","type-post","status-publish","format-standard","has-post-thumbnail","hentry","category-fabricas-e-instalaciones"],"acf":[],"_links":{"self":[{"href":"https:\/\/www.volkswagen.es\/comunicacion\/wp-json\/wp\/v2\/posts\/23990","targetHints":{"allow":["GET"]}}],"collection":[{"href":"https:\/\/www.volkswagen.es\/comunicacion\/wp-json\/wp\/v2\/posts"}],"about":[{"href":"https:\/\/www.volkswagen.es\/comunicacion\/wp-json\/wp\/v2\/types\/post"}],"author":[{"embeddable":true,"href":"https:\/\/www.volkswagen.es\/comunicacion\/wp-json\/wp\/v2\/users\/1"}],"replies":[{"embeddable":true,"href":"https:\/\/www.volkswagen.es\/comunicacion\/wp-json\/wp\/v2\/comments?post=23990"}],"version-history":[{"count":0,"href":"https:\/\/www.volkswagen.es\/comunicacion\/wp-json\/wp\/v2\/posts\/23990\/revisions"}],"wp:featuredmedia":[{"embeddable":true,"href":"https:\/\/www.volkswagen.es\/comunicacion\/wp-json\/wp\/v2\/media\/23993"}],"wp:attachment":[{"href":"https:\/\/www.volkswagen.es\/comunicacion\/wp-json\/wp\/v2\/media?parent=23990"}],"wp:term":[{"taxonomy":"category","embeddable":true,"href":"https:\/\/www.volkswagen.es\/comunicacion\/wp-json\/wp\/v2\/categories?post=23990"},{"taxonomy":"post_tag","embeddable":true,"href":"https:\/\/www.volkswagen.es\/comunicacion\/wp-json\/wp\/v2\/tags?post=23990"}],"curies":[{"name":"wp","href":"https:\/\/api.w.org\/{rel}","templated":true}]}}