{"id":23659,"date":"2015-04-15T00:00:00","date_gmt":"2015-04-15T00:00:00","guid":{"rendered":"https:\/\/www.volkswagen.es\/2015\/04\/15\/volkswagen-sube-de-nivel-con-la-presentacion-de-un-nuevo-supercoche-digital\/"},"modified":"2015-04-15T00:00:00","modified_gmt":"2015-04-15T00:00:00","slug":"volkswagen-sube-de-nivel-con-la-presentacion-de-un-nuevo-supercoche-digital","status":"publish","type":"post","link":"https:\/\/www.volkswagen.es\/comunicacion\/volkswagen-sube-de-nivel-con-la-presentacion-de-un-nuevo-supercoche-digital\/","title":{"rendered":"VOLKSWAGEN SUBE DE NIVEL CON LA PRESENTACI\u00d3N DE UN NUEVO SUPERCOCHE DIGITAL"},"content":{"rendered":"<p align=\"justify\">La primera impresi\u00f3n de este coche de carreras ya evidencia que el Supersport es lo que los fans esperaban: un modelo dise\u00f1ado para competir. Los 665 Nm de par motor catapultan al GTI virtual de 0 a 100 km\/h en solo 3,6 segundos, mientras que, acelerando a fondo, el coche de carreras digital alcanza una velocidad m\u00e1xima de m\u00e1s de 300 km\/h. Esta gigantesca entrega de potencia se transmite al asfalto virtual mediante una tracci\u00f3n a las cuatro ruedas 4MOTION y con unas avanzadas llantas GTI de aleaci\u00f3n de 20 pulgadas.<\/p>\n<p align=\"justify\">Un vistazo al retrovisor es suficiente para preocupar a los contrincantes del Supersport GTI: la forma b\u00e1sica de la carrocer\u00eda sigue presentando reminiscencias de los GTI antecesores, pero cada poro de este \u00faltimo descendiente de la familia transpira car\u00e1cter de competici\u00f3n. Las proporciones y las superficies de la carrocer\u00eda han sido optimizadas para contar con un centro de gravedad extremadamente bajo, y el uso generalizado de elementos de carbono hacen del nuevo supercoche digital un verdadero peso ligero, con una relaci\u00f3n peso-potencia de solo 2,5 kg por CV.<\/p>\n<p align=\"justify\">En el amplio y poderoso frontal de la carrocer\u00eda optimizada aerodin\u00e1micamente, las caracter\u00edsticas m\u00e1s destacadas son los m\u00f3dulos de luces verticales y las generosas tomas de aire con la configuraci\u00f3n de panal t\u00edpica del modelo. Mientras los anchos hombros de detr\u00e1s suministran la ventilaci\u00f3n ideal para los frenos, el prominente spoiler del techo y el llamativo difusor hacen que el Supersport se pegue a la pista cuando lucha por lograr el tiempo de vuelta m\u00e1s r\u00e1pido.<\/p>\n<p align=\"justify\">La \u00faltima creaci\u00f3n digital de Volkswagen se puede vestir en \u00abPlata Reflex\u00bb, \u00abRojo Gran Turismo\u00bb, \u00abAzul Lapiz\u00bb o \u00abBlanco Oryx\u00bb, y ya est\u00e1 disponible para descargar para los jugadores de Gran Turismo 6.<\/p>\n<p align=\"justify\">La sexta generaci\u00f3n del legendario juego de carreras exclusivo para PlayStation est\u00e1 a la venta desde 2013. La flota de esta saga superventas incluye casi 1.200 veh\u00edculos diferentes, que pueden competir en un total de 37 circuitos.<\/p>\n<p align=\"justify\">M\u00e1s informaci\u00f3n e impresiones en <a href=\"http:\/\/www.volkswagen.com\/visiongti\">www.volkswagen.com\/visiongti<\/a>.<\/p>\n","protected":false},"excerpt":{"rendered":"El GTI Supersport Vision Gran Turismo enamora a los fans de PlayStation El coche de competici\u00f3n de 503 CV ya est\u00e1 disponible para descargarVolkswagen ampl\u00eda su flota GTI y env\u00eda un nuevo supercoche a los","protected":false},"author":1,"featured_media":23661,"comment_status":"open","ping_status":"open","sticky":false,"template":"","format":"standard","meta":{"_acf_changed":false,"ep_exclude_from_search":false,"footnotes":""},"categories":[274],"tags":[],"class_list":["post-23659","post","type-post","status-publish","format-standard","has-post-thumbnail","hentry","category-gti-supersport-vision-gran-turismo"],"acf":[],"_links":{"self":[{"href":"https:\/\/www.volkswagen.es\/comunicacion\/wp-json\/wp\/v2\/posts\/23659","targetHints":{"allow":["GET"]}}],"collection":[{"href":"https:\/\/www.volkswagen.es\/comunicacion\/wp-json\/wp\/v2\/posts"}],"about":[{"href":"https:\/\/www.volkswagen.es\/comunicacion\/wp-json\/wp\/v2\/types\/post"}],"author":[{"embeddable":true,"href":"https:\/\/www.volkswagen.es\/comunicacion\/wp-json\/wp\/v2\/users\/1"}],"replies":[{"embeddable":true,"href":"https:\/\/www.volkswagen.es\/comunicacion\/wp-json\/wp\/v2\/comments?post=23659"}],"version-history":[{"count":0,"href":"https:\/\/www.volkswagen.es\/comunicacion\/wp-json\/wp\/v2\/posts\/23659\/revisions"}],"wp:featuredmedia":[{"embeddable":true,"href":"https:\/\/www.volkswagen.es\/comunicacion\/wp-json\/wp\/v2\/media\/23661"}],"wp:attachment":[{"href":"https:\/\/www.volkswagen.es\/comunicacion\/wp-json\/wp\/v2\/media?parent=23659"}],"wp:term":[{"taxonomy":"category","embeddable":true,"href":"https:\/\/www.volkswagen.es\/comunicacion\/wp-json\/wp\/v2\/categories?post=23659"},{"taxonomy":"post_tag","embeddable":true,"href":"https:\/\/www.volkswagen.es\/comunicacion\/wp-json\/wp\/v2\/tags?post=23659"}],"curies":[{"name":"wp","href":"https:\/\/api.w.org\/{rel}","templated":true}]}}