{"id":23320,"date":"2014-09-12T00:00:00","date_gmt":"2014-09-12T00:00:00","guid":{"rendered":"https:\/\/www.volkswagen.es\/2014\/09\/12\/puesta-de-largo-del-nuevo-volkswagen-passat-en-espana\/"},"modified":"2014-09-12T00:00:00","modified_gmt":"2014-09-12T00:00:00","slug":"puesta-de-largo-del-nuevo-volkswagen-passat-en-espana","status":"publish","type":"post","link":"https:\/\/www.volkswagen.es\/comunicacion\/puesta-de-largo-del-nuevo-volkswagen-passat-en-espana\/","title":{"rendered":"PUESTA DE LARGO DEL NUEVO VOLKSWAGEN PASSAT EN ESPA\u00d1A"},"content":{"rendered":"<p align=\"justify\"><span>La <i>pr\u00e8miere<\/i> <span>del Passat reuni\u00f3 a clientes de la marca,  directivos de distintas empresas y cerca de un centenar de medios de comunicaci\u00f3n. Tras la presentaci\u00f3n el martes en la Ciudad Condal, ayer tuvo lugar el debut del nuevo modelo en Madrid. El evento cont\u00f3 con la asistencia de Enrique Cerezo, presidente del Atl\u00e9tico de Madrid, club con el que Volkswagen mantiene un acuerdo de colaboraci\u00f3n.<\/span><\/span><\/p>\n<p align=\"justify\"><span> <\/span><\/p>\n<p align=\"justify\"><span>La gala, en la que el polifac\u00e9tico Ernesto Alterio, actu\u00f3 de maestro de ceremonias, con la actuaci\u00f3n en directo de la cantautora espa\u00f1ola Anni B. Sweet y el sorprendente espect\u00e1culo de Lara Jacobs, del Circo del Sol.<\/span><\/p>\n<p align=\"justify\"><span> <\/span><\/p>\n<p align=\"justify\"><span>La octava generaci\u00f3n del Passat es, ante todo, un referente en innovaci\u00f3n y representa la m\u00e1xima expresi\u00f3n en lo que a nivel tecnol\u00f3gico se refiere dentro de la marca Volkswagen. El nuevo veh\u00edculo hace su debut con nuevos motores y los \u00faltimos sistemas de asistencia, seguridad, infoentretenimiento y confort.<\/span><\/p>\n<p align=\"justify\"><span> <\/span><\/p>\n<p align=\"justify\"><span>El Passat, que ofrece 10 motores de nuevo dise\u00f1o con potencias desde 120 a 280 caballos, ha reducido su consumo y sus emisiones de CO2 un 20% en comparaci\u00f3n con su predecesor, es tambi\u00e9n un referente en el terreno de la movilidad sostenible, uno de los pilares de la estrategia de Volkswagen.<\/span><\/p>\n<p align=\"justify\"><span> <\/span><\/p>\n<p align=\"justify\"><span>El nuevo Volkswagen Passat, del que ya se admiten pedidos, llegar\u00e1 el mercado espa\u00f1ol en el \u00faltimo trimestre de 2014, con precios desde 26.510 euros (berlina) y 28.190 euros (Variant). (Campa\u00f1as y Plan PIVE no incluidos)<\/span><\/p>\n<p><!--[if gte mso 9]&gt;   800x600 &lt;![endif]--><\/p>\n<p><!--[if gte mso 9]&gt;   Normal  0      21      false  false  false    ES  X-NONE  X-NONE                                 MicrosoftInternetExplorer4                                     &lt;![endif]--><!--[if gte mso 9]&gt;                                                                                                                                                                                                                                                                                      &lt;![endif]--><!--[if gte mso 10]&gt; \/* Style Definitions *\/ table.MsoNormalTable        {mso-style-name:\"Tabla normal\";        mso-tstyle-rowband-size:0;        mso-tstyle-colband-size:0;        mso-style-noshow:yes;        mso-style-priority:99;        mso-style-parent:\"\";        mso-padding-alt:0cm 5.4pt 0cm 5.4pt;        mso-para-margin:0cm;        mso-para-margin-bottom:.0001pt;        mso-pagination:widow-orphan;                font-family:\"Times New Roman\",\"serif\";}&lt;![endif]--><\/p>\n<p>M\u00e1s informaci\u00f3n:<\/p>\n<\/p>\n<address >Direcci\u00f3n de Comunicaci\u00f3n y Relaciones Externas<\/address>\n<address>  <\/address>\n<address >Volkswagen-Audi Espa\u00f1a<\/address>\n<address>  <\/address>\n<address><span>Tel: +34 91 348 86 34<\/span><\/address>\n<address>  <\/address>\n<address><span>Directora de Comunicaci\u00f3n. Eva Vicente, e-mail: <span><a href=\"mailto:eva.vicente@vw-audi.es\">eva.vicente@vw-audi.es<\/a>   <\/span><\/span><\/address>\n<address>  <\/address>\n<address><span>Jefa de Prensa de Comunicaci\u00f3n Corporativa de Volkswagen. Ana Rivas, e-mail: rivas2@vw-audi.es Tel: + 34 91 348 86 36<\/span><\/address>\n<address>  <\/address>\n<address><span>Jefe de Prensa de Producto Volkswagen. Joaqu\u00edn Torres<\/span><\/address>\n<address>  <\/address>\n<address><span> e-mail: <a href=\"mailto:joaquin.torres@vw-audi.es\">joaquin.torres@vw-audi.es<\/a> Tlf: + 34 91 348 86 44<\/span><\/address>\n<p>  <\/p>\n<p><span><!--[if gte mso 9]&gt;   Normal  0      21      false  false  false    ES  X-NONE  X-NONE                                 MicrosoftInternetExplorer4                                     &lt;![endif]--><!--[if gte mso 9]&gt;                                                                                                                                                                                                                                                                                    &lt;![endif]--><!--[if gte mso 10]&gt; \/* Style Definitions *\/ table.MsoNormalTable        {mso-style-name:\"Tabla normal\";        mso-tstyle-rowband-size:0;        mso-tstyle-colband-size:0;        mso-style-noshow:yes;        mso-style-priority:99;        mso-style-parent:\"\";        mso-padding-alt:0cm 5.4pt 0cm 5.4pt;        mso-para-margin:0cm;        mso-para-margin-bottom:.0001pt;        mso-pagination:widow-orphan;                font-family:\"Times New Roman\",\"serif\";}&lt;![endif]--><\/span><\/p>\n","protected":false},"excerpt":{"rendered":"La octava generaci\u00f3n hace su debut en dos escenarios emblem\u00e1ticos, el Museo del Traje de Madrid y el Museo de Arte Contempor\u00e1neo de Barcelona Enrique Cerezo, presidente del Atl\u00e9tico de Madrid, invitado de excepci\u00f3n en","protected":false},"author":1,"featured_media":23322,"comment_status":"open","ping_status":"open","sticky":false,"template":"","format":"standard","meta":{"_acf_changed":false,"ep_exclude_from_search":false,"footnotes":""},"categories":[287],"tags":[],"class_list":["post-23320","post","type-post","status-publish","format-standard","has-post-thumbnail","hentry","category-acciones-de-marketing"],"acf":[],"_links":{"self":[{"href":"https:\/\/www.volkswagen.es\/comunicacion\/wp-json\/wp\/v2\/posts\/23320","targetHints":{"allow":["GET"]}}],"collection":[{"href":"https:\/\/www.volkswagen.es\/comunicacion\/wp-json\/wp\/v2\/posts"}],"about":[{"href":"https:\/\/www.volkswagen.es\/comunicacion\/wp-json\/wp\/v2\/types\/post"}],"author":[{"embeddable":true,"href":"https:\/\/www.volkswagen.es\/comunicacion\/wp-json\/wp\/v2\/users\/1"}],"replies":[{"embeddable":true,"href":"https:\/\/www.volkswagen.es\/comunicacion\/wp-json\/wp\/v2\/comments?post=23320"}],"version-history":[{"count":0,"href":"https:\/\/www.volkswagen.es\/comunicacion\/wp-json\/wp\/v2\/posts\/23320\/revisions"}],"wp:featuredmedia":[{"embeddable":true,"href":"https:\/\/www.volkswagen.es\/comunicacion\/wp-json\/wp\/v2\/media\/23322"}],"wp:attachment":[{"href":"https:\/\/www.volkswagen.es\/comunicacion\/wp-json\/wp\/v2\/media?parent=23320"}],"wp:term":[{"taxonomy":"category","embeddable":true,"href":"https:\/\/www.volkswagen.es\/comunicacion\/wp-json\/wp\/v2\/categories?post=23320"},{"taxonomy":"post_tag","embeddable":true,"href":"https:\/\/www.volkswagen.es\/comunicacion\/wp-json\/wp\/v2\/tags?post=23320"}],"curies":[{"name":"wp","href":"https:\/\/api.w.org\/{rel}","templated":true}]}}