{"id":23233,"date":"2014-07-11T00:00:00","date_gmt":"2014-07-11T00:00:00","guid":{"rendered":"https:\/\/www.volkswagen.es\/2014\/07\/11\/volkswagen-presenta-el-nuevo-beetle-cabrio-karmann-una-exclusiva-edicion-especial-para-homenajear-a-su-creador\/"},"modified":"2014-07-11T00:00:00","modified_gmt":"2014-07-11T00:00:00","slug":"volkswagen-presenta-el-nuevo-beetle-cabrio-karmann-una-exclusiva-edicion-especial-para-homenajear-a-su-creador","status":"publish","type":"post","link":"https:\/\/www.volkswagen.es\/comunicacion\/volkswagen-presenta-el-nuevo-beetle-cabrio-karmann-una-exclusiva-edicion-especial-para-homenajear-a-su-creador\/","title":{"rendered":"VOLKSWAGEN PRESENTA EL NUEVO BEETLE CABRIO KARMANN, UNA EXCLUSIVA EDICI\u00d3N ESPECIAL PARA HOMENAJEAR A SU CREADOR"},"content":{"rendered":"<p align=\"justify\">La edici\u00f3n especial Beetle Cabrio Karmann, que est\u00e1 disponible en siete colores distintos de carrocer\u00eda, est\u00e1 basada en el acabado Design y a\u00f1ade elementos exclusivos como las llantas de aleaci\u00f3n galvanizadas \u00abDisc\u00bb de 18 pulgadas, el color Marr\u00f3n Sioux de la pr\u00e1ctica y efectiva capota el\u00e9ctrica, que se abre en tan solo 9,5 segundos a velocidades de hasta 50 km\/h, y la inscripci\u00f3n Karmann en los pasos de rueda, las molduras de entrada y el volante.<\/p>\n<p align=\"justify\">En el interior se encuentran los asientos deportivos, que son en negro Alc\u00e1ntara en su parte central y de tela \u00abCatch up\u00bb en color Marr\u00f3n Sioux en las bandas laterales. El reposabrazos central es gris mate, al igual que el salpicadero, mientras que el volante, el cambio de marchas y freno de mano son de cuero con pespuntes en color gris arte. Esta combinaci\u00f3n crom\u00e1tica y de materiales proporciona un aspecto exclusivo, distinguido y deportivo.<\/p>\n<p align=\"justify\">En cuanto al equipamiento, el Volkswagen Beetle Cabrio Karmann incorpora la integraci\u00f3n para iPhone con Spotify, Facebook y Twitter, entre otras aplicaciones, y a\u00f1ade el sistema de estacionamiento ParkPilot con sensores frontales y traseros, adem\u00e1s de los faros bi-xenon con luz diurna LED integrada.<\/p>\n<p align=\"justify\">El modelo est\u00e1 disponible con tres motores: uno de gasolina, 1.2 TSI de 105 CV, y dos diesel, 1.6 TDI de 105 CV y 2.0 TDI de 140 CV. Este \u00faltimo puede combinarse con un cambio manual o DSG de 6 velocidades, y todos ellos destacan por su eficiencia, bajo consumo y reducidas emisiones de CO<sub>2<\/sub>.<\/p>\n<p align=\"justify\">La compa\u00f1\u00eda Karmann ha dise\u00f1ado el Beetle Cabrio desde que Volkswagen decidi\u00f3 fabricarlo. En su d\u00eda, la marca eligi\u00f3 su proyecto junto con el de otro carrocero, Hebmuller, pero esta versi\u00f3n, de dos plazas y m\u00e1s alejada del dise\u00f1o original del \u00abEscarabajo\u00bb tuvo una corta vida. Por el contrario, Karmann ha seguido trabajando para Volkswagen en las versiones Cabrio de otros modelos como el Golf o el Eos.<\/p>\n<p align=\"justify\">El Beetle Cabrio Karmann llega al mercado a un precio que parte de los 29.480 euros.<\/p>\n<p align=\"justify\">Configurador del Beetle Cabrio Karmann:<\/p>\n<p align=\"justify\"><a href=\"http:\/\/bit.ly\/config_NuevoVWBeetleCabrio\">http:\/\/bit.ly\/config_NuevoVWBeetleCabrio<\/a><\/p>\n<p align=\"justify\">\u00a0<\/p>\n<p align=\"justify\"><strong>Para m\u00e1s informaci\u00f3n:<\/strong><\/p>\n<p align=\"justify\"><strong>Direcci\u00f3n de Comunicaci\u00f3n y Relaciones Externas<\/strong><\/p>\n<p align=\"justify\">Volkswagen-Audi Espa\u00f1a<\/p>\n<p align=\"justify\">Tel: +34 91 348 86 34<\/p>\n<p align=\"justify\">Directora de Comunicaci\u00f3n. Eva Vicente, e-mail: <a href=\"mailto:eva.vicente@vw-audi.es\">eva.vicente@vw-audi.es<\/a><\/p>\n<p align=\"justify\">Jefe de Prensa de Producto Volkswagen. Joaqu\u00edn Torres<\/p>\n<p align=\"justify\">e-mail: <a href=\"mailto:joaquin.torres@vw-audi.es\">joaquin.torres@vw-audi.es<\/a> : + 34 91 348 86 44<\/p>\n","protected":false},"excerpt":{"rendered":"65 a\u00f1os despu\u00e9s de que dise\u00f1ara el primer \"Escarabajo\" Cabrio, el carrocero alem\u00e1n Wilhelm Karmann recibe un merecido homenaje de Volkswagen La tecnolog\u00eda y los acabados de alto nivel se dan la mano en un","protected":false},"author":1,"featured_media":23235,"comment_status":"open","ping_status":"open","sticky":false,"template":"","format":"standard","meta":{"_acf_changed":false,"ep_exclude_from_search":false,"footnotes":""},"categories":[255],"tags":[],"class_list":["post-23233","post","type-post","status-publish","format-standard","has-post-thumbnail","hentry","category-beetle-cabrio"],"acf":[],"_links":{"self":[{"href":"https:\/\/www.volkswagen.es\/comunicacion\/wp-json\/wp\/v2\/posts\/23233","targetHints":{"allow":["GET"]}}],"collection":[{"href":"https:\/\/www.volkswagen.es\/comunicacion\/wp-json\/wp\/v2\/posts"}],"about":[{"href":"https:\/\/www.volkswagen.es\/comunicacion\/wp-json\/wp\/v2\/types\/post"}],"author":[{"embeddable":true,"href":"https:\/\/www.volkswagen.es\/comunicacion\/wp-json\/wp\/v2\/users\/1"}],"replies":[{"embeddable":true,"href":"https:\/\/www.volkswagen.es\/comunicacion\/wp-json\/wp\/v2\/comments?post=23233"}],"version-history":[{"count":0,"href":"https:\/\/www.volkswagen.es\/comunicacion\/wp-json\/wp\/v2\/posts\/23233\/revisions"}],"wp:featuredmedia":[{"embeddable":true,"href":"https:\/\/www.volkswagen.es\/comunicacion\/wp-json\/wp\/v2\/media\/23235"}],"wp:attachment":[{"href":"https:\/\/www.volkswagen.es\/comunicacion\/wp-json\/wp\/v2\/media?parent=23233"}],"wp:term":[{"taxonomy":"category","embeddable":true,"href":"https:\/\/www.volkswagen.es\/comunicacion\/wp-json\/wp\/v2\/categories?post=23233"},{"taxonomy":"post_tag","embeddable":true,"href":"https:\/\/www.volkswagen.es\/comunicacion\/wp-json\/wp\/v2\/tags?post=23233"}],"curies":[{"name":"wp","href":"https:\/\/api.w.org\/{rel}","templated":true}]}}