{"id":22759,"date":"2013-11-08T00:00:00","date_gmt":"2013-11-08T00:00:00","guid":{"rendered":"https:\/\/www.volkswagen.es\/2013\/11\/08\/volkswagen-participa-en-el-ii-salon-de-familias-numerosas-de-catalunya-con-sus-modelos-mas-versatiles-y-espaciosos\/"},"modified":"2013-11-08T00:00:00","modified_gmt":"2013-11-08T00:00:00","slug":"volkswagen-participa-en-el-ii-salon-de-familias-numerosas-de-catalunya-con-sus-modelos-mas-versatiles-y-espaciosos","status":"publish","type":"post","link":"https:\/\/www.volkswagen.es\/comunicacion\/volkswagen-participa-en-el-ii-salon-de-familias-numerosas-de-catalunya-con-sus-modelos-mas-versatiles-y-espaciosos\/","title":{"rendered":"VOLKSWAGEN PARTICIPA EN EL II SAL\u00d3N DE FAMILIAS NUMEROSAS DE CATALUNYA CON SUS MODELOS M\u00c1S VERS\u00c1TILES Y ESPACIOSOS"},"content":{"rendered":"<p align=\"justify\">Cuando se trata de ofrecer un alto grado de versatilidad, un interior adaptado a distintas configuraciones, eficiencia, bajo consumo y amplios espacios de transporte y almacenamiento, Volkswagen ofrece respuestas concretas y muy ventajosas en su gama de modelos m\u00e1s familiares, que tienen su m\u00e1xima expresi\u00f3n en el Touran y el Sharan, y tambi\u00e9n en el Multivan de Volkswagen Veh\u00edculos Comerciales. Las familias son el principal segmento al que van dirigidos dichos veh\u00edculos; cuando estas son numerosas, las virtudes de los mismos se convierten en necesidades y Volkswagen cuenta con las respuestas adecuadas para cada una de ellas.<\/p>\n<p align=\"justify\">Volkswagen aporta los veh\u00edculos con soluciones \u00aba medida\u00bb. El Touran es un monovolumen compacto vers\u00e1til y c\u00f3modo, que se adapta a todo tipo de usos y est\u00e1 pensado para la familia, ya que puede configurarse para cinco o siete plazas. El Sharan ofrece un espacio interior altamente vers\u00e1til, combinado con una extraordinaria capacidad de carga y un consumo propio de modelos de segmentos inferiores. Su interior puede adaptarse a la configuraci\u00f3n de cinco, seis o siete plazas. Por su parte, el Multivan destaca por una versatilidad y amplitud interior envidiable. Un veh\u00edculo eminentemente pr\u00e1ctico y familiar, capaz de transportar con la m\u00e1xima comodidad hasta siete ocupantes y sus correspondientes equipajes, incluyendo adem\u00e1s multitud de posibilidades en cuanto a opciones de equipamiento y modularidad interior se refiere.<\/p>\n<p align=\"justify\">Volkswagen tambi\u00e9n ofrecer\u00e1 condiciones especiales a todos aquellos visitantes que deseen adquirir un veh\u00edculo durante el certamen, con interesantes ofertas de financiaci\u00f3n. En el stand de la marca habr\u00e1 un <i>corner<\/i> de Volkswagen Store, con una selecci\u00f3n de juguetes y accesorios para ni\u00f1os de la gama de Accesorios Originales de Volkswagen y Volkswagen Veh\u00edculos Comerciales. Se podr\u00e1n adquirir in situ y a trav\u00e9s de su nueva tienda online (<a href=\"http:\/\/store.volkswagen.es\/\">http:\/\/store.volkswagen.es<\/a>) con una pantalla t\u00e1ctil a disposici\u00f3n de los visitantes. Los m\u00e1s peque\u00f1os encontrar\u00e1n, adem\u00e1s, una zona de juegos reservada exclusivamente para ellos.<\/p>\n<p align=\"justify\">El Sal\u00f3n Nacional de Familias Numerosas, que se organiza por segundo a\u00f1o consecutivo en el recinto ferial de Fira de Barcelona, pretende poner en com\u00fan las necesidades de las familias con tres hijos o m\u00e1s y las soluciones que hasta trece sectores distintos ofrecen de forma espec\u00edfica para estos grupos familiares, que \u00fanicamente en la ciudad de Barcelona superan la cifra de 60.000.<\/p>\n","protected":false},"excerpt":{"rendered":"Touran, Sharan y Multivan compartir\u00e1n protagonismo en el stand de la marca Los visitantes que adquieran un veh\u00edculo en el evento disfrutar\u00e1n de precios y condiciones financieras muy especiales Volkswagen estar\u00e1 presente en la segunda","protected":false},"author":1,"featured_media":22762,"comment_status":"open","ping_status":"open","sticky":false,"template":"","format":"standard","meta":{"_acf_changed":false,"ep_exclude_from_search":false,"footnotes":""},"categories":[306],"tags":[],"class_list":["post-22759","post","type-post","status-publish","format-standard","has-post-thumbnail","hentry","category-touran-touran-historico-de-modelos"],"acf":[],"_links":{"self":[{"href":"https:\/\/www.volkswagen.es\/comunicacion\/wp-json\/wp\/v2\/posts\/22759","targetHints":{"allow":["GET"]}}],"collection":[{"href":"https:\/\/www.volkswagen.es\/comunicacion\/wp-json\/wp\/v2\/posts"}],"about":[{"href":"https:\/\/www.volkswagen.es\/comunicacion\/wp-json\/wp\/v2\/types\/post"}],"author":[{"embeddable":true,"href":"https:\/\/www.volkswagen.es\/comunicacion\/wp-json\/wp\/v2\/users\/1"}],"replies":[{"embeddable":true,"href":"https:\/\/www.volkswagen.es\/comunicacion\/wp-json\/wp\/v2\/comments?post=22759"}],"version-history":[{"count":0,"href":"https:\/\/www.volkswagen.es\/comunicacion\/wp-json\/wp\/v2\/posts\/22759\/revisions"}],"wp:featuredmedia":[{"embeddable":true,"href":"https:\/\/www.volkswagen.es\/comunicacion\/wp-json\/wp\/v2\/media\/22762"}],"wp:attachment":[{"href":"https:\/\/www.volkswagen.es\/comunicacion\/wp-json\/wp\/v2\/media?parent=22759"}],"wp:term":[{"taxonomy":"category","embeddable":true,"href":"https:\/\/www.volkswagen.es\/comunicacion\/wp-json\/wp\/v2\/categories?post=22759"},{"taxonomy":"post_tag","embeddable":true,"href":"https:\/\/www.volkswagen.es\/comunicacion\/wp-json\/wp\/v2\/tags?post=22759"}],"curies":[{"name":"wp","href":"https:\/\/api.w.org\/{rel}","templated":true}]}}